{"id":2482,"date":"2012-09-26T11:10:30","date_gmt":"2012-09-26T11:10:30","guid":{"rendered":"http:\/\/www.toque-musicall.com\/?p=2482"},"modified":"2012-09-26T11:10:30","modified_gmt":"2012-09-26T11:10:30","slug":"ary-barroso-meu-brasil-brasileiro-1958","status":"publish","type":"post","link":"https:\/\/www.toque-musicall.com\/?p=2482","title":{"rendered":"Ary Barroso &#8211; Meu Brasil Brasileiro (1958)"},"content":{"rendered":"<p><img loading=\"lazy\" decoding=\"async\" class=\"aligncenter\" src=\"http:\/\/2.bp.blogspot.com\/-_mmJTAT4T_s\/UGLXEdROniI\/AAAAAAAAD9I\/YrFMiTWVBPc\/s400\/capap.JPG\" alt=\"\" width=\"400\" height=\"400\" \/><img loading=\"lazy\" decoding=\"async\" class=\"aligncenter\" src=\"http:\/\/2.bp.blogspot.com\/-JTf3gIjCY60\/UGLW-zdkpaI\/AAAAAAAAD9A\/mDk1IDlSVkU\/s400\/contrap.JPG\" alt=\"\" width=\"400\" height=\"399\" \/><\/p>\n<p>Bom dia, amigos cultos, ocultos e associados! Hoje, para \u2018abrilhantar\u2019 ainda mais nossa semana aqui no Toque Musical, eu estou trazendo um de nossos mais brilhantes compositores da M\u00fasica Popular Brasileira, o grande Ary Barroso. Acho que at\u00e9 hoje eu ainda n\u00e3o havia postado um disco original dele. Assim, para compensar, vamos com este \u201cMeu Brasil Brasileiro&#8230;\u201d, disco lan\u00e7ado pelo selo Odeon em 1958. Este \u00e1lbum, assim como quase todos os discos gravados por Ary j\u00e1 foram bem divulgados em outros blogs. Eu, inclusive, sempre fiquei incomodado com o fato de que em todo o lugar onde vi este disco postado, as m\u00fasicas n\u00e3o correspondiam \u00e0 lista na contracapa. Foi movido tamb\u00e9m por esse detalhe que eu pensei um dia em posta-lo. Vamos fazer a coisa certa! Mas para a minha surpresa, percebo que o disco que tenho tamb\u00e9m apresenta a mesma lista comum a todos. Por um momento pensei que tivesse trocado o disco de capa. Mas a verdade \u00e9 uma s\u00f3, a lista de m\u00fasicas, assim como o pr\u00f3prio texto de L\u00facio Rangel na contracapa foram colocados erroneamente na \u2018embalagem sandu\u00edche\u2019. Uma falha da produ\u00e7\u00e3o gr\u00e1fica. Acho que quando perceberam isso, os milhares de discos j\u00e1 estavam nas lojas e provavelmente nem chegaram a corrigir o erro. Creio que este lp veio a ser relan\u00e7ado posteriormente, com outra capa e talvez at\u00e9 com as outras m\u00fasicas. O certo \u00e9 que est\u00e1 tudo errado e eu at\u00e9 tentei compor em paralelo a lista da contracapa, mas infelizmente me faltaram alguns fonogramas originais. Se acaso algum dos amigos tiver as m\u00fasicas que faltam, por favor, envie para mim. Eu monto a \u2018vers\u00e3o contracapa\u2019 e coloco aqui para todos. Enquanto isso, vamos curtindo esta beleza. Um disco com mais de 50 anos, mas que est\u00e1 impec\u00e1vel, perfeito para a digitaliza\u00e7\u00e3o. Querem conferir? D\u00e1 um toque.<\/p>\n<p align=\"center\">na baixa do sapateiro<\/p>\n<p align=\"center\">o correio chegou<\/p>\n<p align=\"center\">sonho de amor<\/p>\n<p align=\"center\">faceira<\/p>\n<p align=\"center\">foi ela<\/p>\n<p align=\"center\">falta de consci\u00eancia<\/p>\n<p align=\"center\">aquarela do brasil<\/p>\n<p align=\"center\">perd\u00e3o<\/p>\n<p align=\"center\">quando a noite \u00e9 serena<\/p>\n<p align=\"center\">\u00e9 mentira, oi<\/p>\n<p align=\"center\">folha morta<\/p>\n<p align=\"center\">malandro sofredor<\/p>\n<p align=\"center\">\n<p>&nbsp;<\/p>\n","protected":false},"excerpt":{"rendered":"<p>Bom dia, amigos cultos, ocultos e associados! Hoje, para \u2018abrilhantar\u2019 ainda mais nossa semana aqui no Toque Musical, eu estou trazendo um de nossos mais brilhantes compositores da M\u00fasica Popular Brasileira, o grande Ary Barroso. Acho que at\u00e9 hoje eu &hellip; <a href=\"https:\/\/www.toque-musicall.com\/?p=2482\">Continue lendo <span class=\"meta-nav\">&rarr;<\/span><\/a><\/p>\n","protected":false},"author":1,"featured_media":0,"comment_status":"open","ping_status":"closed","sticky":false,"template":"","format":"standard","meta":{"footnotes":""},"categories":[1047,86],"tags":[],"class_list":["post-2482","post","type-post","status-publish","format-standard","hentry","category-ary-barroso","category-selo-odeon"],"_links":{"self":[{"href":"https:\/\/www.toque-musicall.com\/index.php?rest_route=\/wp\/v2\/posts\/2482","targetHints":{"allow":["GET"]}}],"collection":[{"href":"https:\/\/www.toque-musicall.com\/index.php?rest_route=\/wp\/v2\/posts"}],"about":[{"href":"https:\/\/www.toque-musicall.com\/index.php?rest_route=\/wp\/v2\/types\/post"}],"author":[{"embeddable":true,"href":"https:\/\/www.toque-musicall.com\/index.php?rest_route=\/wp\/v2\/users\/1"}],"replies":[{"embeddable":true,"href":"https:\/\/www.toque-musicall.com\/index.php?rest_route=%2Fwp%2Fv2%2Fcomments&post=2482"}],"version-history":[{"count":2,"href":"https:\/\/www.toque-musicall.com\/index.php?rest_route=\/wp\/v2\/posts\/2482\/revisions"}],"predecessor-version":[{"id":2484,"href":"https:\/\/www.toque-musicall.com\/index.php?rest_route=\/wp\/v2\/posts\/2482\/revisions\/2484"}],"wp:attachment":[{"href":"https:\/\/www.toque-musicall.com\/index.php?rest_route=%2Fwp%2Fv2%2Fmedia&parent=2482"}],"wp:term":[{"taxonomy":"category","embeddable":true,"href":"https:\/\/www.toque-musicall.com\/index.php?rest_route=%2Fwp%2Fv2%2Fcategories&post=2482"},{"taxonomy":"post_tag","embeddable":true,"href":"https:\/\/www.toque-musicall.com\/index.php?rest_route=%2Fwp%2Fv2%2Ftags&post=2482"}],"curies":[{"name":"wp","href":"https:\/\/api.w.org\/{rel}","templated":true}]}}