{"id":2485,"date":"2012-09-27T00:18:44","date_gmt":"2012-09-27T00:18:44","guid":{"rendered":"http:\/\/www.toque-musicall.com\/?p=2485"},"modified":"2012-09-28T00:53:53","modified_gmt":"2012-09-28T00:53:53","slug":"ciro-pereira-e-sua-orquestra-musica-dos-astros-1962","status":"publish","type":"post","link":"https:\/\/www.toque-musicall.com\/?p=2485","title":{"rendered":"Ciro Pereira E Sua Orquestra &#8211; M\u00fasica Dos Astros (1962)"},"content":{"rendered":"<p><img loading=\"lazy\" decoding=\"async\" class=\"aligncenter\" src=\"http:\/\/4.bp.blogspot.com\/-g8u3pbz3Rks\/UGTL1I7k7yI\/AAAAAAAAD-A\/zHsiz8PgOro\/s400\/capap.JPG\" alt=\"\" width=\"400\" height=\"398\" \/><img loading=\"lazy\" decoding=\"async\" class=\"aligncenter\" src=\"http:\/\/2.bp.blogspot.com\/-yAEK4_dZTlg\/UGTLtFKDmEI\/AAAAAAAAD94\/zs870xmMamw\/s400\/contracapap.JPG\" alt=\"\" width=\"400\" height=\"398\" \/><\/p>\n<p>Boa noite, amigos cultos, ocultos e associados! Hoje vamos de orquestra que \u00e9 sempre uma boa pedida e eu sinceramente acho que precisamos estar aqui sempre lembrando o quanto elas foram importantes na hist\u00f3ria da m\u00fasica popular brasileira. Obviamente essas est\u00e3o associadas diretamente aos grandes mestres regentes da \u00e9poca de ouro do r\u00e1dio, televis\u00e3o e disco &#8211; como \u00e9 o caso aqui do nosso maestro, arranjador Ciro Pereira (ou Cyro, com Y). Ele foi diretor de orquestra nos antigos festivais da TV Record. Atuou como regente em diversos programas musicais da tv, entre eles \u201cO Fino da Bossa\u201d, apresentado por Elis Regina e Jair Rodrigues. Come\u00e7ou no r\u00e1dio como tantos outros mestres, acompanhado cantores, fazendo trilhas, etc&#8230; Foi tamb\u00e9m professor de orquestra\u00e7\u00e3o na Unicamp e regente da Orquestra Jazz Sinf\u00f4nica, de S\u00e3o Paulo.<\/p>\n<p>\u201cM\u00fasica dos Astros\u201d foi o primeiro disco exclusivamente seu, onde ele teve total liberdade para escolher as m\u00fasicas, arranjar, orquestrar e dirigir sua orquestra. Vamos encontrar aqui uma sele\u00e7\u00e3o bem apurada feita pelo maestro, com temas nacionais e internacionais, incluindo tamb\u00e9m uma faixa autoral, \u201cMinuano\u201d, m\u00fasica que manifesta as suas origens. Lan\u00e7ado pelo selo Continental, em 1962. Querem conhecer? D\u00e1 o toque, ok?<\/p>\n<p align=\"center\">sunrise serenade<\/p>\n<p align=\"center\">dueto de saudade<\/p>\n<p align=\"center\">\u00e9 f\u00e1cil dizer adeus<\/p>\n<p align=\"center\">tu si, malincunia<\/p>\n<p align=\"center\">sol<\/p>\n<p align=\"center\">monalisa<\/p>\n<p align=\"center\">minuano<\/p>\n<p align=\"center\">sofisticated lady<\/p>\n<p align=\"center\">madureira chorou<\/p>\n<p align=\"center\">my blue heaven<\/p>\n<p align=\"center\">poema<\/p>\n<p align=\"center\">how in the world<\/p>\n<p align=\"center\">\n","protected":false},"excerpt":{"rendered":"<p>Boa noite, amigos cultos, ocultos e associados! Hoje vamos de orquestra que \u00e9 sempre uma boa pedida e eu sinceramente acho que precisamos estar aqui sempre lembrando o quanto elas foram importantes na hist\u00f3ria da m\u00fasica popular brasileira. Obviamente essas &hellip; <a href=\"https:\/\/www.toque-musicall.com\/?p=2485\">Continue lendo <span class=\"meta-nav\">&rarr;<\/span><\/a><\/p>\n","protected":false},"author":1,"featured_media":0,"comment_status":"open","ping_status":"closed","sticky":false,"template":"","format":"standard","meta":{"footnotes":""},"categories":[655,40],"tags":[],"class_list":["post-2485","post","type-post","status-publish","format-standard","hentry","category-maestro-ciro-pereira","category-selo-continental"],"_links":{"self":[{"href":"https:\/\/www.toque-musicall.com\/index.php?rest_route=\/wp\/v2\/posts\/2485","targetHints":{"allow":["GET"]}}],"collection":[{"href":"https:\/\/www.toque-musicall.com\/index.php?rest_route=\/wp\/v2\/posts"}],"about":[{"href":"https:\/\/www.toque-musicall.com\/index.php?rest_route=\/wp\/v2\/types\/post"}],"author":[{"embeddable":true,"href":"https:\/\/www.toque-musicall.com\/index.php?rest_route=\/wp\/v2\/users\/1"}],"replies":[{"embeddable":true,"href":"https:\/\/www.toque-musicall.com\/index.php?rest_route=%2Fwp%2Fv2%2Fcomments&post=2485"}],"version-history":[{"count":2,"href":"https:\/\/www.toque-musicall.com\/index.php?rest_route=\/wp\/v2\/posts\/2485\/revisions"}],"predecessor-version":[{"id":2491,"href":"https:\/\/www.toque-musicall.com\/index.php?rest_route=\/wp\/v2\/posts\/2485\/revisions\/2491"}],"wp:attachment":[{"href":"https:\/\/www.toque-musicall.com\/index.php?rest_route=%2Fwp%2Fv2%2Fmedia&parent=2485"}],"wp:term":[{"taxonomy":"category","embeddable":true,"href":"https:\/\/www.toque-musicall.com\/index.php?rest_route=%2Fwp%2Fv2%2Fcategories&post=2485"},{"taxonomy":"post_tag","embeddable":true,"href":"https:\/\/www.toque-musicall.com\/index.php?rest_route=%2Fwp%2Fv2%2Ftags&post=2485"}],"curies":[{"name":"wp","href":"https:\/\/api.w.org\/{rel}","templated":true}]}}