{"id":2487,"date":"2012-09-27T00:47:42","date_gmt":"2012-09-27T00:47:42","guid":{"rendered":"http:\/\/www.toque-musicall.com\/?p=2487"},"modified":"2012-09-28T00:54:37","modified_gmt":"2012-09-28T00:54:37","slug":"homengem-postuma-a-francisco-alves-repost","status":"publish","type":"post","link":"https:\/\/www.toque-musicall.com\/?p=2487","title":{"rendered":"Homengem P\u00f3stuma \u00c0 Francisco Alves (REPOST)"},"content":{"rendered":"<p><img loading=\"lazy\" decoding=\"async\" class=\"aligncenter\" src=\"http:\/\/1.bp.blogspot.com\/-uqzK2whBUa0\/UGTyj7QyJyI\/AAAAAAAAD-4\/zEETU3XSBSw\/s400\/dalva+de+oliveira+-+chico+viola-1.JPG\" alt=\"\" width=\"400\" height=\"369\" \/><img loading=\"lazy\" decoding=\"async\" class=\"aligncenter\" src=\"http:\/\/4.bp.blogspot.com\/-5PszzNTI9Ho\/UGTyaz7vxaI\/AAAAAAAAD-w\/ombvLu_rfTI\/s400\/dalva+de+oliveira+-+mudo.JPG\" alt=\"\" width=\"396\" height=\"400\" \/><\/p>\n<p>Como sei que temos aqui muitos f\u00e3s do \u201cChico Viola\u201d, vou trazendo aqui de novo uma postagem que fiz em 27 de setembro de 2009, como forma de homenagear e lembrar a mem\u00f3ria de um dos grandes \u00eddolos brasileiros.<\/p>\n<p>Este disco de 78 rota\u00e7\u00f5es foi lan\u00e7ado imediatamente ap\u00f3s a morte do cantor, pela Odeon, tendo Dalva de Oliveira como int\u00e9rprete da marcha rancho \u201cMeu rouxinol\u201d, composta por Pereira Mattos e M\u00e1rio Rossi. O interessante de notar \u00e9 o quanto realmente Francisco Alves era querido e prestigiado, a ponto de merecer tal homenagem. O disco tem apenas um lado gravado, no outro a agulha corre silenciosa num sulco sem registro, representando um minuto de sil\u00eancio. Podemos dizer que este \u00e9 um dos discos mais raros postados aqui no Toque Musical. Uma \u2018rel\u00edquia\u2019 hist\u00f3rica que muitos colecionadores pagariam caro para te-la. Que viva na nossa mem\u00f3ria o grande Francisco Alves!<\/p>\n<p>* esta m\u00fasica encontra-se tamb\u00e9m em um dos volumes da Cole\u00e7\u00e3o Grand Record Brazil do Toque Musical e pode ser baixada no GTM.<\/p>\n","protected":false},"excerpt":{"rendered":"<p>Como sei que temos aqui muitos f\u00e3s do \u201cChico Viola\u201d, vou trazendo aqui de novo uma postagem que fiz em 27 de setembro de 2009, como forma de homenagear e lembrar a mem\u00f3ria de um dos grandes \u00eddolos brasileiros. Este &hellip; <a href=\"https:\/\/www.toque-musicall.com\/?p=2487\">Continue lendo <span class=\"meta-nav\">&rarr;<\/span><\/a><\/p>\n","protected":false},"author":1,"featured_media":0,"comment_status":"open","ping_status":"closed","sticky":false,"template":"","format":"standard","meta":{"footnotes":""},"categories":[159,115,2052],"tags":[],"class_list":["post-2487","post","type-post","status-publish","format-standard","hentry","category-dalva-de-oliveira","category-francisco-alves","category-homenagem-postuma-a-francisco-alves"],"_links":{"self":[{"href":"https:\/\/www.toque-musicall.com\/index.php?rest_route=\/wp\/v2\/posts\/2487","targetHints":{"allow":["GET"]}}],"collection":[{"href":"https:\/\/www.toque-musicall.com\/index.php?rest_route=\/wp\/v2\/posts"}],"about":[{"href":"https:\/\/www.toque-musicall.com\/index.php?rest_route=\/wp\/v2\/types\/post"}],"author":[{"embeddable":true,"href":"https:\/\/www.toque-musicall.com\/index.php?rest_route=\/wp\/v2\/users\/1"}],"replies":[{"embeddable":true,"href":"https:\/\/www.toque-musicall.com\/index.php?rest_route=%2Fwp%2Fv2%2Fcomments&post=2487"}],"version-history":[{"count":4,"href":"https:\/\/www.toque-musicall.com\/index.php?rest_route=\/wp\/v2\/posts\/2487\/revisions"}],"predecessor-version":[{"id":2489,"href":"https:\/\/www.toque-musicall.com\/index.php?rest_route=\/wp\/v2\/posts\/2487\/revisions\/2489"}],"wp:attachment":[{"href":"https:\/\/www.toque-musicall.com\/index.php?rest_route=%2Fwp%2Fv2%2Fmedia&parent=2487"}],"wp:term":[{"taxonomy":"category","embeddable":true,"href":"https:\/\/www.toque-musicall.com\/index.php?rest_route=%2Fwp%2Fv2%2Fcategories&post=2487"},{"taxonomy":"post_tag","embeddable":true,"href":"https:\/\/www.toque-musicall.com\/index.php?rest_route=%2Fwp%2Fv2%2Ftags&post=2487"}],"curies":[{"name":"wp","href":"https:\/\/api.w.org\/{rel}","templated":true}]}}