{"id":2493,"date":"2012-09-28T00:06:04","date_gmt":"2012-09-28T00:06:04","guid":{"rendered":"http:\/\/www.toque-musicall.com\/?p=2493"},"modified":"2012-09-29T00:09:58","modified_gmt":"2012-09-29T00:09:58","slug":"cicero-mota-macule-1993","status":"publish","type":"post","link":"https:\/\/www.toque-musicall.com\/?p=2493","title":{"rendered":"C\u00edcero Mota &#8211; Macul\u00ea (1993)"},"content":{"rendered":"<p><img loading=\"lazy\" decoding=\"async\" class=\"aligncenter\" src=\"http:\/\/1.bp.blogspot.com\/-DBL1LmFN5fU\/UGYxEwO_b3I\/AAAAAAAAD_w\/KNbu7bH7vIo\/s400\/capap.JPG\" alt=\"\" width=\"400\" height=\"399\" \/><img loading=\"lazy\" decoding=\"async\" class=\"aligncenter\" src=\"http:\/\/1.bp.blogspot.com\/-OVyy-pml1VE\/UGYxADcRDiI\/AAAAAAAAD_o\/2btQi-fjqsU\/s400\/contrap.JPG\" alt=\"\" width=\"396\" height=\"400\" \/><\/p>\n<p>Boa noite, amigos cultos, ocultos e associados! Putz, que friozinho safado est\u00e1 l\u00e1 fora. Ta bom \u00e9 para esquentar o peito com um conhaque e \u00e9 isso que eu vou fazer daqui a pouco. Afinal, hoje \u00e9 sexta-feira! Antes, por\u00e9m, deixo aqui o disco do dia. Para n\u00e3o perdermos o costume, vamos com um \u00e1lbum independente.<\/p>\n<p>Apresento, o mineiro de Uberl\u00e2ndia, o compositor, cantor e violonista C\u00edcero Mota. Descobri este artista n\u00e3o faz muito tempo, embora ele j\u00e1 esteja na estrada h\u00e1 um bom tempo. Fiquei realmente impressionado com a qualidade do seu trabalho. Sem querer fazer compara\u00e7\u00f5es, o que ali\u00e1s n\u00e3o tem nada a ver, mas o seu jeito de cantar e sua musicalidade me fez lembrar o Edu Lobo. J\u00e1 gostei de cara. Mas o talento de C\u00edcero e suas m\u00fasicas seguem um caminho pr\u00f3prio. Vamos perceber isso neste \u201cMacule\u201d, que foi o seu primeiro disco, lan\u00e7ado em 1993. Ao que tudo indica, ele continua em Uberl\u00e2ndia trabalhando como professor de viol\u00e3o. Para saber mais sobre o artista, sugiro que voc\u00eas conhe\u00e7am <a href=\"http:\/\/www.ciceromota.com.br\/principal.htm\" target=\"_blank\">o seu site<\/a>. Vale a pena conhecer este artista. Eu recomendo \ud83d\ude09<\/p>\n<p align=\"center\">macul\u00ea<\/p>\n<p align=\"center\">mundo de estrelas<\/p>\n<p align=\"center\">no meio do mar<\/p>\n<p align=\"center\">blues de vi\u00e9s<\/p>\n<p align=\"center\">cafun\u00e9<\/p>\n<p align=\"center\">zig-zag<\/p>\n<p align=\"center\">alvorada<\/p>\n<p align=\"center\">voz de negro<\/p>\n<p>&nbsp;<\/p>\n","protected":false},"excerpt":{"rendered":"<p>Boa noite, amigos cultos, ocultos e associados! Putz, que friozinho safado est\u00e1 l\u00e1 fora. Ta bom \u00e9 para esquentar o peito com um conhaque e \u00e9 isso que eu vou fazer daqui a pouco. Afinal, hoje \u00e9 sexta-feira! Antes, por\u00e9m, &hellip; <a href=\"https:\/\/www.toque-musicall.com\/?p=2493\">Continue lendo <span class=\"meta-nav\">&rarr;<\/span><\/a><\/p>\n","protected":false},"author":1,"featured_media":0,"comment_status":"open","ping_status":"closed","sticky":false,"template":"","format":"standard","meta":{"footnotes":""},"categories":[2053,25],"tags":[],"class_list":["post-2493","post","type-post","status-publish","format-standard","hentry","category-cicero-mota","category-selo-independente"],"_links":{"self":[{"href":"https:\/\/www.toque-musicall.com\/index.php?rest_route=\/wp\/v2\/posts\/2493","targetHints":{"allow":["GET"]}}],"collection":[{"href":"https:\/\/www.toque-musicall.com\/index.php?rest_route=\/wp\/v2\/posts"}],"about":[{"href":"https:\/\/www.toque-musicall.com\/index.php?rest_route=\/wp\/v2\/types\/post"}],"author":[{"embeddable":true,"href":"https:\/\/www.toque-musicall.com\/index.php?rest_route=\/wp\/v2\/users\/1"}],"replies":[{"embeddable":true,"href":"https:\/\/www.toque-musicall.com\/index.php?rest_route=%2Fwp%2Fv2%2Fcomments&post=2493"}],"version-history":[{"count":4,"href":"https:\/\/www.toque-musicall.com\/index.php?rest_route=\/wp\/v2\/posts\/2493\/revisions"}],"predecessor-version":[{"id":2497,"href":"https:\/\/www.toque-musicall.com\/index.php?rest_route=\/wp\/v2\/posts\/2493\/revisions\/2497"}],"wp:attachment":[{"href":"https:\/\/www.toque-musicall.com\/index.php?rest_route=%2Fwp%2Fv2%2Fmedia&parent=2493"}],"wp:term":[{"taxonomy":"category","embeddable":true,"href":"https:\/\/www.toque-musicall.com\/index.php?rest_route=%2Fwp%2Fv2%2Fcategories&post=2493"},{"taxonomy":"post_tag","embeddable":true,"href":"https:\/\/www.toque-musicall.com\/index.php?rest_route=%2Fwp%2Fv2%2Ftags&post=2493"}],"curies":[{"name":"wp","href":"https:\/\/api.w.org\/{rel}","templated":true}]}}