{"id":25,"date":"2012-06-20T20:21:00","date_gmt":"2012-06-20T20:21:00","guid":{"rendered":"http:\/\/www.toque-musicall.com\/?p=25"},"modified":"2012-06-20T20:21:00","modified_gmt":"2012-06-20T20:21:00","slug":"nestor-amaral-and-his-continentals-holiday-in-brazil-1958","status":"publish","type":"post","link":"https:\/\/www.toque-musicall.com\/?p=25","title":{"rendered":"Nestor Amaral And His Continentals &#8211; Holiday In Brazil (1958)"},"content":{"rendered":"<div style=\"clear: both; text-align: center;\"><a href=\"http:\/\/1.bp.blogspot.com\/-tQZk8wVIfiM\/T-IkS5i9lJI\/AAAAAAAAC98\/dE7jRj0-0ug\/s1600\/capap.JPG\" style=\"margin-left: 1em; margin-right: 1em;\"><img loading=\"lazy\" decoding=\"async\" border=\"0\" height=\"397\" src=\"http:\/\/1.bp.blogspot.com\/-tQZk8wVIfiM\/T-IkS5i9lJI\/AAAAAAAAC98\/dE7jRj0-0ug\/s400\/capap.JPG\" width=\"400\" \/><\/a><\/div>\n<div style=\"clear: both; text-align: center;\"><a href=\"http:\/\/2.bp.blogspot.com\/-uMoaWXLmpog\/T-IkLA6QxhI\/AAAAAAAAC90\/xSCzLyY-unQ\/s1600\/contracapap.JPG\" style=\"margin-left: 1em; margin-right: 1em;\"><img loading=\"lazy\" decoding=\"async\" border=\"0\" height=\"400\" src=\"http:\/\/2.bp.blogspot.com\/-uMoaWXLmpog\/T-IkLA6QxhI\/AAAAAAAAC90\/xSCzLyY-unQ\/s400\/contracapap.JPG\" width=\"386\" \/><\/a><\/div>\n<p>Boa tarde, amigos cultos, ocultos e associados! Depois de uma bela lua de mel no Brasil, os gringos voltam para as f\u00e9rias. Eis aqui mais um delicioso lp, lan\u00e7ado na terra do Tio Sam. Este disco tamb\u00e9m j\u00e1 deu seu &#8216;ar da gra\u00e7a&#8217; em outros blogs, mas \u00e9 no Toque Musical que ele oficializa sua presen\u00e7a.<br \/>Temos aqui Nestor Amaral, violonista brasileiro, hoje pouco lembrado. Foi integrante do grupo &#8220;Bando da Lua&#8221;, acompanhando Carmem Miranda nos Estados Unidos. \u00c9 dif\u00edcil achar na rede informa\u00e7\u00f5es sobre este m\u00fasico. Pelo que eu entendi, ele ap\u00f3s passar belo Bando da Lua, acabou ficando na Am\u00e9rica onde teve uma promissora carreira. Gravou diversos discos e tamb\u00e9m trabalhou em Hollywood, em cl\u00e1ssicos do cinema americano. Em 1958 a gravadora Tops Records lan\u00e7ou este disco, que trazia oito faixas j\u00e1 apresentadas num \u00e1lbum tamb\u00e9m americano, do ano anterior, chamado &#8220;Brazil&#8221;, pelo selo Golden Tone. Ao que tudo indica, Nestor Amaral And His Continentals, gravaram tamb\u00e9m outros discos na mesma linha para a Tops Records. \u00c1lbuns como \u00a0Holiday In Spain, France e Italy, s\u00e3o todos dele. Nestas grava\u00e7\u00f5es Nestor conta tamb\u00e9m com a participa\u00e7\u00e3o de seu amigo, o violonista Laurindo Almeida. Ta\u00ed, um bel\u00edssimo disco que n\u00e3o demora muito algu\u00e9m solicitar no GTM. Estamos a\u00ed&#8230; \ud83d\ude09<\/p>\n<div style=\"text-align: center;\">brazil<\/div>\n<div style=\"text-align: center;\">pra qu\u00ea discutir<\/div>\n<div style=\"text-align: center;\">currupaco<\/div>\n<div style=\"text-align: center;\">porto alegre<\/div>\n<div style=\"text-align: center;\">ba tu ca da<\/div>\n<div style=\"text-align: center;\">tico tico<\/div>\n<div style=\"text-align: center;\">playtime in brazil<\/div>\n<div style=\"text-align: center;\">baia<\/div>\n<div style=\"text-align: center;\">nossa amizade<\/div>\n<div style=\"text-align: center;\">belem bayonee<\/div>\n<div style=\"text-align: center;\">bamba no samba<\/div>\n<div style=\"text-align: center;\">halem samba<\/div>\n","protected":false},"excerpt":{"rendered":"<p>Boa tarde, amigos cultos, ocultos e associados! Depois de uma bela lua de mel no Brasil, os gringos voltam para as f\u00e9rias. Eis aqui mais um delicioso lp, lan\u00e7ado na terra do Tio Sam. Este disco tamb\u00e9m j\u00e1 deu seu &hellip; <a href=\"https:\/\/www.toque-musicall.com\/?p=25\">Continue lendo <span class=\"meta-nav\">&rarr;<\/span><\/a><\/p>\n","protected":false},"author":1,"featured_media":0,"comment_status":"open","ping_status":"closed","sticky":false,"template":"","format":"standard","meta":{"footnotes":""},"categories":[6,7],"tags":[],"class_list":["post-25","post","type-post","status-publish","format-standard","hentry","category-nestor-amaral","category-selo-tops"],"_links":{"self":[{"href":"https:\/\/www.toque-musicall.com\/index.php?rest_route=\/wp\/v2\/posts\/25","targetHints":{"allow":["GET"]}}],"collection":[{"href":"https:\/\/www.toque-musicall.com\/index.php?rest_route=\/wp\/v2\/posts"}],"about":[{"href":"https:\/\/www.toque-musicall.com\/index.php?rest_route=\/wp\/v2\/types\/post"}],"author":[{"embeddable":true,"href":"https:\/\/www.toque-musicall.com\/index.php?rest_route=\/wp\/v2\/users\/1"}],"replies":[{"embeddable":true,"href":"https:\/\/www.toque-musicall.com\/index.php?rest_route=%2Fwp%2Fv2%2Fcomments&post=25"}],"version-history":[{"count":0,"href":"https:\/\/www.toque-musicall.com\/index.php?rest_route=\/wp\/v2\/posts\/25\/revisions"}],"wp:attachment":[{"href":"https:\/\/www.toque-musicall.com\/index.php?rest_route=%2Fwp%2Fv2%2Fmedia&parent=25"}],"wp:term":[{"taxonomy":"category","embeddable":true,"href":"https:\/\/www.toque-musicall.com\/index.php?rest_route=%2Fwp%2Fv2%2Fcategories&post=25"},{"taxonomy":"post_tag","embeddable":true,"href":"https:\/\/www.toque-musicall.com\/index.php?rest_route=%2Fwp%2Fv2%2Ftags&post=25"}],"curies":[{"name":"wp","href":"https:\/\/api.w.org\/{rel}","templated":true}]}}