{"id":2500,"date":"2012-09-30T15:17:34","date_gmt":"2012-09-30T15:17:34","guid":{"rendered":"http:\/\/www.toque-musicall.com\/?p=2500"},"modified":"2012-09-30T15:21:12","modified_gmt":"2012-09-30T15:21:12","slug":"francis-albert-sinatra-antonio-carlos-jobim-1967","status":"publish","type":"post","link":"https:\/\/www.toque-musicall.com\/?p=2500","title":{"rendered":"Francis Albert Sinatra &#038; Antonio Carlos Jobim (1967)"},"content":{"rendered":"<p><img loading=\"lazy\" decoding=\"async\" class=\"aligncenter\" src=\"http:\/\/1.bp.blogspot.com\/-g7c4mDiImsk\/UGhYnsLn5kI\/AAAAAAAAEBg\/1NcaNTTZjaQ\/s400\/ccapaP.JPG\" alt=\"\" width=\"400\" height=\"389\" \/><img loading=\"lazy\" decoding=\"async\" class=\"aligncenter\" src=\"http:\/\/3.bp.blogspot.com\/-B0IOp_naSGQ\/UGhYgbVmUXI\/AAAAAAAAEBY\/EdlJemjOAH4\/s400\/contracapaP.JPG\" alt=\"\" width=\"400\" height=\"397\" \/><\/p>\n<p>Ol\u00e1, bom dia a todos! Hoje, doming\u00e3o, estou trazendo aqui um \u00e1lbum cl\u00e1ssico e hist\u00f3rico. O c\u00e9lebre primeiro encontro de Tom Jobim e Frank Sinatra. Eu estava meio na d\u00favida se devia ou n\u00e3o postar este lp, afinal, l\u00e1 fora ele continua sendo produzido. Ali\u00e1s, h\u00e1 poucos anos atr\u00e1s, foi lan\u00e7ado um cd com todas as grava\u00e7\u00f5es feitas pela dupla para o selo Reprise. A hist\u00f3ria deste encontro, acho que todos j\u00e1 sabem. Por isso, eu n\u00e3o vou ficar aqui ocupando o meu domingo para chover no molhado. Neste disco vamos encontrar dez m\u00fasicas, sendo oito de Tom Jobim e por garantia, Sinatra escolheu dois \u2018standard\u2019 da m\u00fasica americana, \u201cI concentrate on you\u201d, de Cole Porter e \u201cBaubles, bangles and beads\u201d, de Wright e Forrest. Os arranjos e reg\u00eancia s\u00e3o de Claus Orgerman (acho esse cara fera!). O disco foi lan\u00e7ado logo ap\u00f3s as grava\u00e7\u00f5es, inclusive aqui no Brasil.<\/p>\n<p align=\"center\">the girl from ipanema<\/p>\n<p align=\"center\">dindi<\/p>\n<p align=\"center\">change partners<\/p>\n<p align=\"center\">quiet nights of quiet stars<\/p>\n<p align=\"center\">meditation<\/p>\n<p align=\"center\">if you never come to me<\/p>\n<p align=\"center\">how insensitive<\/p>\n<p align=\"center\">concentrate on you<\/p>\n<p align=\"center\">baubles, bangles and beads<\/p>\n<p align=\"center\">once i loved<\/p>\n<p align=\"center\">\n","protected":false},"excerpt":{"rendered":"<p>Ol\u00e1, bom dia a todos! Hoje, doming\u00e3o, estou trazendo aqui um \u00e1lbum cl\u00e1ssico e hist\u00f3rico. O c\u00e9lebre primeiro encontro de Tom Jobim e Frank Sinatra. Eu estava meio na d\u00favida se devia ou n\u00e3o postar este lp, afinal, l\u00e1 fora &hellip; <a href=\"https:\/\/www.toque-musicall.com\/?p=2500\">Continue lendo <span class=\"meta-nav\">&rarr;<\/span><\/a><\/p>\n","protected":false},"author":1,"featured_media":0,"comment_status":"open","ping_status":"closed","sticky":false,"template":"","format":"standard","meta":{"footnotes":""},"categories":[135,2054,289],"tags":[],"class_list":["post-2500","post","type-post","status-publish","format-standard","hentry","category-antonio-carlos-jobim","category-selo-reprise","category-tom-jobim"],"_links":{"self":[{"href":"https:\/\/www.toque-musicall.com\/index.php?rest_route=\/wp\/v2\/posts\/2500","targetHints":{"allow":["GET"]}}],"collection":[{"href":"https:\/\/www.toque-musicall.com\/index.php?rest_route=\/wp\/v2\/posts"}],"about":[{"href":"https:\/\/www.toque-musicall.com\/index.php?rest_route=\/wp\/v2\/types\/post"}],"author":[{"embeddable":true,"href":"https:\/\/www.toque-musicall.com\/index.php?rest_route=\/wp\/v2\/users\/1"}],"replies":[{"embeddable":true,"href":"https:\/\/www.toque-musicall.com\/index.php?rest_route=%2Fwp%2Fv2%2Fcomments&post=2500"}],"version-history":[{"count":2,"href":"https:\/\/www.toque-musicall.com\/index.php?rest_route=\/wp\/v2\/posts\/2500\/revisions"}],"predecessor-version":[{"id":2502,"href":"https:\/\/www.toque-musicall.com\/index.php?rest_route=\/wp\/v2\/posts\/2500\/revisions\/2502"}],"wp:attachment":[{"href":"https:\/\/www.toque-musicall.com\/index.php?rest_route=%2Fwp%2Fv2%2Fmedia&parent=2500"}],"wp:term":[{"taxonomy":"category","embeddable":true,"href":"https:\/\/www.toque-musicall.com\/index.php?rest_route=%2Fwp%2Fv2%2Fcategories&post=2500"},{"taxonomy":"post_tag","embeddable":true,"href":"https:\/\/www.toque-musicall.com\/index.php?rest_route=%2Fwp%2Fv2%2Ftags&post=2500"}],"curies":[{"name":"wp","href":"https:\/\/api.w.org\/{rel}","templated":true}]}}