{"id":2506,"date":"2012-10-01T21:02:54","date_gmt":"2012-10-01T21:02:54","guid":{"rendered":"http:\/\/www.toque-musicall.com\/?p=2506"},"modified":"2014-04-20T08:23:33","modified_gmt":"2014-04-20T11:23:33","slug":"hebe-camargo-selecao-78-rpm-do-toque-musical-vol-37-2012","status":"publish","type":"post","link":"https:\/\/www.toque-musicall.com\/?p=2506","title":{"rendered":"Hebe Camargo &#8211; Sele\u00e7\u00e3o 78 RPM Do Toque Musical &#8211; Vol. 37 (2012)"},"content":{"rendered":"<p><img loading=\"lazy\" decoding=\"async\" class=\"aligncenter\" alt=\"\" src=\"http:\/\/1.bp.blogspot.com\/-BFTI8vfARHs\/UGoCgJ_TR2I\/AAAAAAAAECY\/AFucll5z-T8\/s400\/CAPAP.JPG\" width=\"400\" height=\"400\" \/><img loading=\"lazy\" decoding=\"async\" class=\"aligncenter\" alt=\"\" src=\"http:\/\/4.bp.blogspot.com\/-al7CWAu6Kps\/UGoCbskkxnI\/AAAAAAAAECQ\/h0nTL6Kp6XI\/s400\/CONTRACAPAp.JPG\" width=\"400\" height=\"400\" \/><\/p>\n<p>No \u00faltimo s\u00e1bado, 29 de setembro de 2012, fomos dolorosamente surpreendidos por mais uma perda em nosso meio art\u00edstico: a de Hebe Maria Camargo, de parada card\u00edaca enquanto dormia em sua casa no bairro do Morumbi, em S\u00e3o Paulo. Hebe vinha lutando contra um c\u00e2ncer no perit\u00f4nio, uma membrana que cobre as paredes abdominais, diagnosticado em 2010. Chegou a curar-se, mas nos \u00faltimos tempos o c\u00e2ncer voltou a se manifestar, deixando-a debilitada. Chegou at\u00e9 a assinar um novo contrato com o SBT, onde trabalhou por 25 anos (havia deixado a Rede TV!, onde antes estava, por problemas de sal\u00e1rio atrasado), mas o desfecho foi o esperado. E o resultado foi o que todos viram e\/ou ouviram: uma como\u00e7\u00e3o geral em todo o pa\u00eds. Afinal, Hebe era como a tia querida, como algu\u00e9m da fam\u00edlia, que transbordava alegria e descontra\u00e7\u00e3o em seus programas, recebendo entrevistados de diversas atividades em seu sof\u00e1 (sem esquecer, claro, do selinho), e, quando necess\u00e1rio, demonstrando sua indigna\u00e7\u00e3o com a situa\u00e7\u00e3o pol\u00edtico-econ\u00f4mica do pa\u00eds. Das grandes emissoras de TV brasileiras, Hebe s\u00f3 n\u00e3o trabalhou na Globo, mas mesmo assim participou de programas da mesma como convidada e homenageada.<br \/>\nPor\u00e9m, o que poucos sabem \u00e9 que Hebe come\u00e7ou sua vida art\u00edstica como cantora. Nascida na cida paulista de Taubat\u00e9, em 8 de mar\u00e7o de 1929, teve origem pobre, e chegou a trabalhar como arrumadeira aos 12 anos de idade. Em 1943, com os pais e seus seis (!) irm\u00e3os, mudou-se para S\u00e3o Paulo. L\u00e1, antes dos 15 anos, come\u00e7ou como cantora, interpretando m\u00fasicas brejeiras, inclusive chorinhos, na PRG-2, R\u00e1dio Tupi, onde assinou seu primeiro contrato profissional. Em 1944. Inspirada nas americanas Andrews Sisters, formou com sua irm\u00e3 Stela e as primas Helena e Maria o Quarteto D\u00f3-R\u00e9-Mi-F\u00e1 (o r\u00e9 era a Hebe). Quando uma das primas casou, o grupo passou a se chamar As Tr\u00eas Am\u00e9ricas. Por fim, com sua irm\u00e3, Hebe formou a dupla caipira Rosalina e Florisbela, alcan\u00e7ando sucesso no programa \u201cArraial da curva torta\u201d, apresentado pelo Capit\u00e3o Furtado na R\u00e1dio Difusora, coligada da Tupi. Mais tarde, por sugest\u00e3o do diretor das Emissoras Associadas, Gilberto Martins, Hebe optou pela carreira-solo, ganhando o t\u00edtulo de \u201cmoreninha do samba\u201d (ela s\u00f3 tingiria os cabelos de loiro pela primeira vez em 1957). Gravou seu primeiro disco na Odeon, em 1950, interpretando os sambas \u201cOh! Jos\u00e9\u201d (Esmeraldino Sales e Ribeiro Filho) e \u201cQuem foi que disse?\u201d (Gabriel Aguiar e Valadares do Lago). Em 78 rpm, foram 32 discos com 64 fonogramas, nesse selo e tamb\u00e9m na RGE e na Polydor. Hebe tamb\u00e9m lan\u00e7ou seis compactos (quatro duplos e dois simples), e sete LPs, em sua primeira fase como cantora, o \u00faltimo deles em 1967, abandonando o disco em fun\u00e7\u00e3o de seu trabalho na TV. Mas, no final dos anos 1990, Hebe voltaria a gravar, lan\u00e7ando tr\u00eas CDs: \u201cPra voc\u00ea\u201d (1998), \u201cComo \u00e9 grande o meu amor por voc\u00eas\u201d (2001) e \u201cMulher\u201d (2010), tendo tamb\u00e9m participado do CD\/DVD \u201cElas cantam Roberto Carlos\u201d.<br \/>\nEm sua trig\u00e9sima-s\u00e9tima edi\u00e7\u00e3o, o Grand Record Brazil homenageia a querida e agora pranteada Hebe Camargo, apresentando treze grava\u00e7\u00f5es por ela realizadas, assim permitindo que se conhe\u00e7a mais a fundo seu trabalho como cantora, ainda hoje pouco conhecido e divulgado. Come\u00e7amos nossa sele\u00e7\u00e3o com o samba \u201cVoc\u00ea quer voltar\u201d, para o carnaval de 1952, de Francisco Alves, Oswaldo Monello e Jos\u00e9 Roy, gravado na Odeon ainda em 51, no dia 10 de setembro, com lan\u00e7amento um m\u00eas antes da folia, em janeiro, sob n.o 13223-A, matriz 9110. Na faixa seguinte, a marchinha \u201cSem tambor e sem corneta\u201d, de D\u00eanis Brean e Oswaldo Guilherme, para a folia de 1951, gravada em 18 de novembro de 1950 e lan\u00e7ada tamb\u00e9m um m\u00eas antes daquela folia, em janeiro, com o n.o 13091-A, matriz 8857. Em seguida saltamos para o carnaval de 1955, apresentando o samba \u201cMadalena\u201d, de Oswaldo Fran\u00e7a e Blecaute (o \u201cgeneral da banda\u201d), gravado em 7 de outubro de 54 e lan\u00e7ado ainda em dezembro, com o n.o 13747-B, matriz 10328. Recuamos depois para a folia momesca de 1954, com outro samba, \u201cEu n\u00e3o sou Deus\u201d, de Jos\u00e9 Roy e Fernando Lobo, grava\u00e7\u00e3o de 2 de dezembro de 53 lan\u00e7ada um m\u00eas antes do carnaval, janeiro \u00e9 claro, com o n.o 13596-B, matriz 9990. Em seguida, a marchinha \u201cEu vou de touca\u201d, de D\u00eanis Brean em parceria com outro grande nome do r\u00e1dio e da TV brasileiros, Blota J\u00fanior, da folia de 1952, que corresponde ao lado B de \u201cVoc\u00ea quer voltar\u201d, matriz 9111. O samba \u201cCansada de sofrer\u201d, de Jos\u00e9 Roy e Doca, \u00e9 o lado A de \u201cMadalena\u201d, matriz 10327. Da Odeon passamos depois para a RGE, apresentando o rock \u201cSerafim\u201d, vers\u00e3o de Cl\u00edmaco C\u00e9sar para \u201cOh! Josephine\u201d, de Heinz Gietz e Kurt Feltz, lan\u00e7ado em novembro de 1958 com o n\u00famero 10130-A, matriz RGO-791, e tamb\u00e9m integrando o compacto duplo \u201cHebe canta e encanta\u201d. Voltando \u00e0 Odeon, a cl\u00e1ssica marcha natalina \u201cBoas festas (Papai Noel)\u201d, de Assis Valente, originalmente lan\u00e7ada por Carlos Galhardo em 1933, e que Hebe canta aqui junto com Os 4 Amigos. O registro data de 3 de setembro de 1953, lan\u00e7ado em dezembro seguinte com o n.o 13548-A, matriz 9871. Em seguida o samba \u201cTestemunha\u201d, de J. Piedade e Alfredo Godinho, gravado em 28 de maio de 1952 e lan\u00e7ado em julho seguinte com o n.o 13289-B, matriz 9318. Temos depois uma releitura de Hebe para o cl\u00e1ssico samba \u201cN\u00e3o me diga adeus\u201d, de Paquito, Luiz Soberano e Jo\u00e3o Corr\u00eaa da Silva, originalmente lan\u00e7ado para o carnaval de 1948 na voz de Aracy de Almeida. A grava\u00e7\u00e3o de Hebe saiu originalmente pela Odeon em um LP coletivo de 10 polegadas, \u201cCarnaval de sempre \u2013 Sambas e marchas\u201d, em 1955. Em seguida, mais samba: \u201cTintim por tintim\u201d, de Portinho e Wilson Falc\u00e3o, grava\u00e7\u00e3o de 17 de julho de 1956 que a Odeon s\u00f3 lan\u00e7ou em abril de 57 com o n.o 14192-B, matriz 11253, inclu\u00edda tamb\u00e9m no LP de dez polegadas \u201cFesta de ritmos\u201d. Outra faixa que s\u00f3 saiu em LP, a exemplo de \u201cN\u00e3o me diga adeus\u201d, \u00e9 a do samba \u201cMundo mau\u201d, de Sidney Morais e J\u00falio Rosemberg, que encerra o \u00e1lbum \u201cSou eu\u201d, de 1960. E o encerramento, aqui, fica por conta da polca-dobrado \u201cS\u00e3o Paulo quatrocent\u00e3o\u201d, de Garoto e Chiquinho, com letra de Avar\u00e9 (n\u00e3o creditado no selo), que Hebe registrou cantada em 26 de novembro de 1953, com lan\u00e7amento em janeiro de 54, disco 13594-B, matriz 9986. Enfim, uma sele\u00e7\u00e3o em que predominam a alegria e a descontra\u00e7\u00e3o que Hebe, em todos esses anos de carreira no r\u00e1dio, no disco e sobretudo na televis\u00e3o, deu ao p\u00fablico brasileiro, como ningu\u00e9m!<\/p>\n<p>Texto de SAMUEL MACHADO FILHO.<\/p>\n","protected":false},"excerpt":{"rendered":"<p>No \u00faltimo s\u00e1bado, 29 de setembro de 2012, fomos dolorosamente surpreendidos por mais uma perda em nosso meio art\u00edstico: a de Hebe Maria Camargo, de parada card\u00edaca enquanto dormia em sua casa no bairro do Morumbi, em S\u00e3o Paulo. Hebe &hellip; <a href=\"https:\/\/www.toque-musicall.com\/?p=2506\">Continue lendo <span class=\"meta-nav\">&rarr;<\/span><\/a><\/p>\n","protected":false},"author":1,"featured_media":0,"comment_status":"open","ping_status":"closed","sticky":false,"template":"","format":"standard","meta":{"footnotes":""},"categories":[11,1557,13],"tags":[],"class_list":["post-2506","post","type-post","status-publish","format-standard","hentry","category-exclusivos-do-toque-musical","category-hebe-camargo","category-selo-grand-record-brazil"],"_links":{"self":[{"href":"https:\/\/www.toque-musicall.com\/index.php?rest_route=\/wp\/v2\/posts\/2506","targetHints":{"allow":["GET"]}}],"collection":[{"href":"https:\/\/www.toque-musicall.com\/index.php?rest_route=\/wp\/v2\/posts"}],"about":[{"href":"https:\/\/www.toque-musicall.com\/index.php?rest_route=\/wp\/v2\/types\/post"}],"author":[{"embeddable":true,"href":"https:\/\/www.toque-musicall.com\/index.php?rest_route=\/wp\/v2\/users\/1"}],"replies":[{"embeddable":true,"href":"https:\/\/www.toque-musicall.com\/index.php?rest_route=%2Fwp%2Fv2%2Fcomments&post=2506"}],"version-history":[{"count":2,"href":"https:\/\/www.toque-musicall.com\/index.php?rest_route=\/wp\/v2\/posts\/2506\/revisions"}],"predecessor-version":[{"id":4166,"href":"https:\/\/www.toque-musicall.com\/index.php?rest_route=\/wp\/v2\/posts\/2506\/revisions\/4166"}],"wp:attachment":[{"href":"https:\/\/www.toque-musicall.com\/index.php?rest_route=%2Fwp%2Fv2%2Fmedia&parent=2506"}],"wp:term":[{"taxonomy":"category","embeddable":true,"href":"https:\/\/www.toque-musicall.com\/index.php?rest_route=%2Fwp%2Fv2%2Fcategories&post=2506"},{"taxonomy":"post_tag","embeddable":true,"href":"https:\/\/www.toque-musicall.com\/index.php?rest_route=%2Fwp%2Fv2%2Ftags&post=2506"}],"curies":[{"name":"wp","href":"https:\/\/api.w.org\/{rel}","templated":true}]}}