{"id":2511,"date":"2012-10-04T01:11:19","date_gmt":"2012-10-04T01:11:19","guid":{"rendered":"http:\/\/www.toque-musicall.com\/?p=2511"},"modified":"2012-10-04T01:11:19","modified_gmt":"2012-10-04T01:11:19","slug":"marku-ribas-mente-coracao-1980","status":"publish","type":"post","link":"https:\/\/www.toque-musicall.com\/?p=2511","title":{"rendered":"Marku Ribas &#8211; Mente &#038; Cora\u00e7\u00e3o (1980)"},"content":{"rendered":"<p><img loading=\"lazy\" decoding=\"async\" class=\"aligncenter\" src=\"http:\/\/1.bp.blogspot.com\/-jXHW_4ZoMCE\/UGzZF4do09I\/AAAAAAAAEEk\/2rjFKqx0LtE\/s400\/capa+p.JPG\" alt=\"\" width=\"398\" height=\"400\" \/><img loading=\"lazy\" decoding=\"async\" class=\"aligncenter\" src=\"http:\/\/3.bp.blogspot.com\/-HAVTgKOq3UM\/UGzY654sr9I\/AAAAAAAAEEc\/zxx_qK758wo\/s400\/contra+p.JPG\" alt=\"\" width=\"400\" height=\"400\" \/><\/p>\n<p>Boa noite, amigos caros cultos, ocultos e associados. Hoje eu estou aqui apenas por honra da firma. T\u00f4 que n\u00e3o me ag\u00fcento em p\u00e9. Parece que eu levei uma surra. N\u00e3o sei se \u00e9 gripe ou dengue (vixiii&#8230;)<\/p>\n<p>L\u00e1 vou eu recorrer aos \u2018discos de gaveta\u2019. Vou trazendo para voc\u00eas, \u201cMente &amp; Cor\u00e7\u00e3o\u201d, quinto \u00e1lbum lan\u00e7ado pelo cantor e compositor mineiro, Marku Ribas, em 1980, atrav\u00e9s selo Philips. Disco super inspirado, com praticamente quase todas as m\u00fasicas de sua autoria. Na banda tocam com ele Helvius Villela, Arthur Maia, T\u00e9o Lima e Renato Piau. Para completar tem tamb\u00e9m os convidados que engrossam mais o caldo, como \u00e9 o caso de Ed Maciel e Jo\u00e3o Donato. Quem ainda n\u00e3o conhece, eu dou o toque, vale conferir&#8230; \ud83d\ude09<\/p>\n<p align=\"center\">mente &amp; cora\u00e7\u00e3o<\/p>\n<p align=\"center\">choro verde<\/p>\n<p align=\"center\">ser\u00e1 bem melhor<\/p>\n<p align=\"center\">quem pede, pede<\/p>\n<p align=\"center\">as vozes n\u00e3o mentem<\/p>\n<p align=\"center\">nunca vi!!!<\/p>\n<p align=\"center\">s\u00f3 voc\u00ea<\/p>\n<p align=\"center\">olha a brecha<\/p>\n<p align=\"center\">novo dia<\/p>\n<p align=\"center\">limites naturais<\/p>\n<p align=\"center\">\n","protected":false},"excerpt":{"rendered":"<p>Boa noite, amigos caros cultos, ocultos e associados. Hoje eu estou aqui apenas por honra da firma. T\u00f4 que n\u00e3o me ag\u00fcento em p\u00e9. Parece que eu levei uma surra. N\u00e3o sei se \u00e9 gripe ou dengue (vixiii&#8230;) L\u00e1 vou &hellip; <a href=\"https:\/\/www.toque-musicall.com\/?p=2511\">Continue lendo <span class=\"meta-nav\">&rarr;<\/span><\/a><\/p>\n","protected":false},"author":1,"featured_media":0,"comment_status":"open","ping_status":"closed","sticky":false,"template":"","format":"standard","meta":{"footnotes":""},"categories":[1310,48],"tags":[],"class_list":["post-2511","post","type-post","status-publish","format-standard","hentry","category-marku-ribas","category-selo-philips"],"_links":{"self":[{"href":"https:\/\/www.toque-musicall.com\/index.php?rest_route=\/wp\/v2\/posts\/2511","targetHints":{"allow":["GET"]}}],"collection":[{"href":"https:\/\/www.toque-musicall.com\/index.php?rest_route=\/wp\/v2\/posts"}],"about":[{"href":"https:\/\/www.toque-musicall.com\/index.php?rest_route=\/wp\/v2\/types\/post"}],"author":[{"embeddable":true,"href":"https:\/\/www.toque-musicall.com\/index.php?rest_route=\/wp\/v2\/users\/1"}],"replies":[{"embeddable":true,"href":"https:\/\/www.toque-musicall.com\/index.php?rest_route=%2Fwp%2Fv2%2Fcomments&post=2511"}],"version-history":[{"count":1,"href":"https:\/\/www.toque-musicall.com\/index.php?rest_route=\/wp\/v2\/posts\/2511\/revisions"}],"predecessor-version":[{"id":2512,"href":"https:\/\/www.toque-musicall.com\/index.php?rest_route=\/wp\/v2\/posts\/2511\/revisions\/2512"}],"wp:attachment":[{"href":"https:\/\/www.toque-musicall.com\/index.php?rest_route=%2Fwp%2Fv2%2Fmedia&parent=2511"}],"wp:term":[{"taxonomy":"category","embeddable":true,"href":"https:\/\/www.toque-musicall.com\/index.php?rest_route=%2Fwp%2Fv2%2Fcategories&post=2511"},{"taxonomy":"post_tag","embeddable":true,"href":"https:\/\/www.toque-musicall.com\/index.php?rest_route=%2Fwp%2Fv2%2Ftags&post=2511"}],"curies":[{"name":"wp","href":"https:\/\/api.w.org\/{rel}","templated":true}]}}