{"id":2525,"date":"2012-10-08T11:14:15","date_gmt":"2012-10-08T11:14:15","guid":{"rendered":"http:\/\/www.toque-musicall.com\/?p=2525"},"modified":"2012-10-08T11:15:38","modified_gmt":"2012-10-08T11:15:38","slug":"rogerio-duprat-a-orquestra-tropicalista-do-duprat-1968","status":"publish","type":"post","link":"https:\/\/www.toque-musicall.com\/?p=2525","title":{"rendered":"A Banda Tropicalista Do Duprat (1968)"},"content":{"rendered":"<p><a href=\"http:\/\/2.bp.blogspot.com\/-Ui5DN5hVCug\/UHIMq9E-aRI\/AAAAAAAAEIo\/qAu0nILLX18\/s400\/capa+p.JPG\"><img loading=\"lazy\" decoding=\"async\" class=\"aligncenter\" src=\"http:\/\/2.bp.blogspot.com\/-Ui5DN5hVCug\/UHIMq9E-aRI\/AAAAAAAAEIo\/qAu0nILLX18\/s400\/capa+p.JPG\" alt=\"\" width=\"400\" height=\"394\" \/><\/a><img loading=\"lazy\" decoding=\"async\" class=\"aligncenter\" src=\"http:\/\/4.bp.blogspot.com\/-U39WLYZD53s\/UHIMk7SivJI\/AAAAAAAAEIg\/GHLc4xvsSI8\/s400\/contra+p.JPG\" alt=\"\" width=\"400\" height=\"398\" \/><\/p>\n<p>Boa noite, amigos cultos, ocultos e associados! A lista de solicita\u00e7\u00e3o de novos links vem s\u00f3 crescendo. Eu juro que estou fazendo o poss\u00edvel para atender a todos, mas querendo ou n\u00e3o, v\u00e3o ter que ter paci\u00eancia. Como sabem, a prioridade \u00e9 sempre a postagem do dia.<\/p>\n<p>Tanto como ontem, eu hoje estou trazendo mais um \u2018disco de gaveta\u2019. Ali\u00e1s, este \u00e9 um \u00e1lbum que eu sempre pensei em postar aqui, mas h\u00e1 alguns anos atr\u00e1s ele se tornou um disquinho badalado, muito por conta (talvez) dos Mutantes, quando voltou \u00e0 tona, atrav\u00e9s dos blogs. V\u00e1rios j\u00e1 o postaram, por isso eu perdi um pouco a gra\u00e7a. Hoje, por\u00e9m, vou preencher o espa\u00e7o com ele, que \u00e9 o que est\u00e1 mais \u00e0 m\u00e3o.<\/p>\n<p>Segue ent\u00e3o, \u201cA Banda Tropicalista do Duprat\u201d, \u00e1lbum lan\u00e7ado em 1968, auge do Movimento Tropicalista. O mestre arranjador de v\u00e1rios outros trabalhos da turma, vem neste lp, que \u00e9 mais tropicalista por fora do que por dentro, trazendo um repert\u00f3rio curioso, que mesmo tendo m\u00fasicas de Caetano Veloso e de Gilberto Gil e tamb\u00e9m a presen\u00e7a dos Mutantes em quatro faixas, soa meio que fora do tom. Eu na verdade esperava mais do Duprat neste disco, algo mais criativo e caracter\u00edstico. Ele podia ter explorado mais o universo do movimento, buscando uma s\u00edntese de tudo o que rolava. Por\u00e9m, apesar dele ser a bola da vez, a dire\u00e7\u00e3o do disco n\u00e3o ficou s\u00f3 em suas m\u00e3os, o que de uma certa forma acabou contrariando o seu ideal. Ele n\u00e3o gostou do resultado. Contudo, o \u00e1lbum n\u00e3o \u00e9 ruim, muito pelo contr\u00e1rio, tem muita coisa boa. N\u00e3o sei porque, mas este disco sempre me remete \u00e0 imagem do drops Dulcora. Lembram dessas balinhas? Acho que em algum momento da minha vida eu estava l\u00e1 chupando Dulcora e ouvindo \u201cLady Madona\u201d na vers\u00e3o dos Mutantes. (putz, como a gente fala abobrinha e sai do tom quando se est\u00e1 com sono!)<\/p>\n<p align=\"center\">judy in disguise<\/p>\n<p align=\"center\">honey<\/p>\n<p align=\"center\">summer rain<\/p>\n<p align=\"center\">can\u00e7\u00e3o para ingles ver<\/p>\n<p align=\"center\">chiquita bacana<\/p>\n<p align=\"center\">flying<\/p>\n<p align=\"center\">the rain, the park and other things<\/p>\n<p align=\"center\">canto chorado<\/p>\n<p align=\"center\">bom tempo<\/p>\n<p align=\"center\">lapinha<\/p>\n<p align=\"center\">chega de saudade<\/p>\n<p align=\"center\">baby<\/p>\n<p align=\"center\">cinderella rockefella<\/p>\n<p align=\"center\">ele falava nisso todo dia<\/p>\n<p align=\"center\">batmacumba<\/p>\n<p align=\"center\">frevo rasgado<\/p>\n<p align=\"center\">lady madona<\/p>\n<p align=\"center\">quem ser\u00e1?<\/p>\n<p align=\"center\">\n","protected":false},"excerpt":{"rendered":"<p>Boa noite, amigos cultos, ocultos e associados! A lista de solicita\u00e7\u00e3o de novos links vem s\u00f3 crescendo. Eu juro que estou fazendo o poss\u00edvel para atender a todos, mas querendo ou n\u00e3o, v\u00e3o ter que ter paci\u00eancia. Como sabem, a &hellip; <a href=\"https:\/\/www.toque-musicall.com\/?p=2525\">Continue lendo <span class=\"meta-nav\">&rarr;<\/span><\/a><\/p>\n","protected":false},"author":1,"featured_media":0,"comment_status":"open","ping_status":"closed","sticky":false,"template":"","format":"standard","meta":{"footnotes":""},"categories":[465,48],"tags":[],"class_list":["post-2525","post","type-post","status-publish","format-standard","hentry","category-rogerio-duprat","category-selo-philips"],"_links":{"self":[{"href":"https:\/\/www.toque-musicall.com\/index.php?rest_route=\/wp\/v2\/posts\/2525","targetHints":{"allow":["GET"]}}],"collection":[{"href":"https:\/\/www.toque-musicall.com\/index.php?rest_route=\/wp\/v2\/posts"}],"about":[{"href":"https:\/\/www.toque-musicall.com\/index.php?rest_route=\/wp\/v2\/types\/post"}],"author":[{"embeddable":true,"href":"https:\/\/www.toque-musicall.com\/index.php?rest_route=\/wp\/v2\/users\/1"}],"replies":[{"embeddable":true,"href":"https:\/\/www.toque-musicall.com\/index.php?rest_route=%2Fwp%2Fv2%2Fcomments&post=2525"}],"version-history":[{"count":4,"href":"https:\/\/www.toque-musicall.com\/index.php?rest_route=\/wp\/v2\/posts\/2525\/revisions"}],"predecessor-version":[{"id":2542,"href":"https:\/\/www.toque-musicall.com\/index.php?rest_route=\/wp\/v2\/posts\/2525\/revisions\/2542"}],"wp:attachment":[{"href":"https:\/\/www.toque-musicall.com\/index.php?rest_route=%2Fwp%2Fv2%2Fmedia&parent=2525"}],"wp:term":[{"taxonomy":"category","embeddable":true,"href":"https:\/\/www.toque-musicall.com\/index.php?rest_route=%2Fwp%2Fv2%2Fcategories&post=2525"},{"taxonomy":"post_tag","embeddable":true,"href":"https:\/\/www.toque-musicall.com\/index.php?rest_route=%2Fwp%2Fv2%2Ftags&post=2525"}],"curies":[{"name":"wp","href":"https:\/\/api.w.org\/{rel}","templated":true}]}}