{"id":2529,"date":"2012-10-08T23:44:43","date_gmt":"2012-10-08T23:44:43","guid":{"rendered":"http:\/\/www.toque-musicall.com\/?p=2529"},"modified":"2014-04-20T08:22:57","modified_gmt":"2014-04-20T11:22:57","slug":"momentos-politicos-selecao-78-rpm-do-toque-musical-vol-38-2012","status":"publish","type":"post","link":"https:\/\/www.toque-musicall.com\/?p=2529","title":{"rendered":"Momentos Pol\u00edticos &#8211; Sele\u00e7\u00e3o 78 RPM Do Toque Musical &#8211; Vol. 38 (2012)"},"content":{"rendered":"<p><img loading=\"lazy\" decoding=\"async\" class=\"aligncenter\" alt=\"\" src=\"http:\/\/3.bp.blogspot.com\/-kojvdT82iE4\/UHNkAKtT7WI\/AAAAAAAAEJk\/P7cJbJFMhRY\/s400\/CAPAp.JPG\" width=\"400\" height=\"400\" \/><img loading=\"lazy\" decoding=\"async\" class=\"aligncenter\" alt=\"\" src=\"http:\/\/1.bp.blogspot.com\/-em2osCnEFRY\/UHNj7zUa7DI\/AAAAAAAAEJc\/VfFUyaw7MFM\/s400\/CONTRACAPAp.JPG\" width=\"400\" height=\"400\" \/><\/p>\n<p>Como \u00e9, eleitor amigo culto, oculto e associado do TM? Votou certo no \u00faltimo domingo, dia 2? Escolheu bem seus candidatos a prefeitos e vereadores? Bem, o fato \u00e9 que in\u00fameras capitais (bem como outras cidades do Brasil e do interior paulista, onde resido) ter\u00e3o segundo turno para prefeitos no pr\u00f3ximo dia 28. E tanto para aqueles que moram em cidades onde o prefeito j\u00e1 foi escolhido como para quem mora naquelas que ainda v\u00e3o para o segundo turno (para estes, pode at\u00e9 servir de aquecimento), o Grand Record Brazil apresenta, em sua edi\u00e7\u00e3o n\u00famero 38, treze fonogramas relacionados \u00e0 pol\u00edtica.<\/p>\n<p>Para come\u00e7ar, apresentamos uma grava\u00e7\u00e3o particular feita pelo conjunto Os Brasileiros, cuja forma\u00e7\u00e3o \u00e9 uma tremenda inc\u00f3gnita, para a campanha de Adhemar de Barros \u00e0 presid\u00eancia da Rep\u00fablica, em 1955, e prensada pela Continental com o n\u00famero PR-176. S\u00e3o duas m\u00fasicas do igualmente misterioso Bingo: a marchinha \u201cNingu\u00e9m perde esperar\u201d e o samba \u201cAi, Adhemar\u201d. O grupo lembra bastante forma\u00e7\u00f5es que marcaram \u00e9poca na MPB: Quatro Ases e um Coringa, Vocalistas Tropicais, Dem\u00f4nios da Garoa, Anjos do Inferno, Trig\u00eameos Vocalistas (seria um desses?). O fato \u00e9 que Adhemar n\u00e3o chegou l\u00e1, e quem levou a melhor foi Juscelino Kubitschek de Oliveira, o homem dos \u201c50 anos de progresso em 5 de governo\u201d&#8230;<\/p>\n<p>Depois pulamos para a campanha presidencial de 1960, que tinha como candidatos a vice-presidente M\u00edlton Campos e Jo\u00e3o Goulart (que evidentemente levou a melhor). \u00c9 o \u201cShow do voto livre\u201d, comandado pelo lend\u00e1rio radialista C\u00e9sar de Alencar (\u201cEsta can\u00e7\u00e3o nasceu pra quem quiser cantar&#8230;\u201d), no qual in\u00fameros cartazes da MPB na \u00e9poca demonstram musicalmente sua op\u00e7\u00e3o pelo pol\u00edtico ga\u00facho: Jorge Veiga, Dircinha Batista, Luiz Vieira, Altamiro Carrilho (rec\u00e9m-falecido, \u00e0 frente de sua famosa bandinha), Elizeth Cardoso, Ivon C\u00fari, Isaurinha Garcia, o Conjunto Farroupilha, uma escola de samba&#8230; Curiosamente, Jo\u00e3o Goulart era candidato a vice na chapa do Marechal Henrique Lott, e M\u00edlton Campos na de J\u00e2nio Quadros, o vencedor. Como n\u00e3o havia vincula\u00e7\u00e3o de votos, deu Jango como vice.<\/p>\n<p>Na quinta faixa, apresentamos a marchinha \u201cComendo bola\u201d, de Hekel Tavares e Luiz Peixoto, grava\u00e7\u00e3o de Jayme Redondo na Columbia, disco 5117-B, matriz 380431, lan\u00e7ada em dezembro de 1929 para o carnaval de 30. Era nitidamente contra Get\u00falio Vargas e a favor de J\u00falio Prestes de Albuquerque, ambos candidatos \u00e0 presid\u00eancia na Rep\u00fablica nessa \u00e9poca (e Prestes ganhou mas n\u00e3o levou). Nessa \u00e9poca, como se sabe, as coisas estavam fervendo no Brasil: o assassinato de Jo\u00e3o Pessoa por seu desafeto Jo\u00e3o Dantas, na Confeitaria\u00a0 A Gl\u00f3ria, do Recife, ainda que por raz\u00f5es pessoais, fez a oposi\u00e7\u00e3o jogar o povo contra o governo, e a Alian\u00e7a Liberal (Rio Grande do Sul, Para\u00edba e Minas Gerais) dep\u00f4s o presidente Washington Lu\u00eds em 24 de outubro de 1930, empossando, a 3 de novembro, Get\u00falio Vargas como chefe do governo provis\u00f3rio&#8230; e come\u00e7ando uma estadia de quinze anos no poder!<\/p>\n<p>Famosos por suas s\u00e1tiras de cunho pol\u00edtico, que deram at\u00e9 em cadeia, Alvarenga e Ranchinho, \u201cos reis do riso\u201d, apresentam aqui uma delas: \u00e9 a \u201cSalada pol\u00edtica\u201d, ironizando exatamente Get\u00falio Vargas, utilizando trechos de v\u00e1rias m\u00fasicas de sucesso, como a marchinha \u201cA mulher do leiteiro\u201d, a valsa \u201cSer\u00e1?\u201d e \u201cOh!\u201d Minas Gerais\u201d (\u201coutra mamata n\u00e3o perde jamais\u201d). Eles tamb\u00e9m citam o brigadeiro Eduardo Gomes, derrotado na elei\u00e7\u00e3o presidencial de 1946 pelo marechal Dutra, por sinal apoiado por Get\u00falio. Grava\u00e7\u00e3o Odeon de 8 de outubro de 1946, lan\u00e7ada em janeiro de 47 com o n\u00famero 12746-A, matriz 8110.<\/p>\n<p>A faixa seguinte \u00e9 uma exalta\u00e7\u00e3o a Get\u00falio Vargas: o samba \u201cSalve 19 de abril!\u201d (data em que nasceu o ent\u00e3o chefe da na\u00e7\u00e3o), de Benedito Lacerda e Darcy de Oliveira, gravado por Dalva de Oliveira (em uma das raras oportunidades que teve de cantar como solista em disco, na \u00e9poca em que participava do Trio de Ouro) em 1.o de abril de 1943 (n\u00e3o \u00e9 mentira!), e lan\u00e7ado pela Odeon em maio seguinte com o n.o 12306-B, matriz 7247.<\/p>\n<p>A faixa seguinte \u00e9 simplesmente um cl\u00e1ssico entre os jingles pol\u00edticos: o famoso \u201cVarre, varre vassourinha\u201d, da campanha de J\u00e2nio Quadros \u00e0 presid\u00eancia da Rep\u00fablica, em 1960. Muito se esperava dele, que levou a melhor sobre o Marechal Henrique Lott (apoiado pelo ent\u00e3o presidente JK) e tomou posse em 31 de janeiro de 1961, mas o final da hist\u00f3ria creio que todos sabem&#8230;<\/p>\n<p>Desde 1902, quando se iniciou a grava\u00e7\u00e3o fonogr\u00e1fica em nosso pa\u00eds, o \u201cHino Nacional Brasileiro\u201d, melodia de Francisco Manuel da Silva e letra de Joaquim Os\u00f3rio Duque Estrada, tem recebido in\u00fameros registros, vocais e instrumentais. Foi composto em 1822, para comemorar a Independ\u00eancia do Brasil, recebendo nove anos depois letra por Ov\u00eddio Saraiva de Carvalho, que celebrava a abdica\u00e7\u00e3o de D. Pedro I. A letra definitiva, de Joaquim Os\u00f3rio, viria apenas em 1909, aletrada por ele em 1916 e finalmente oficializada em 1922. Pela legisla\u00e7\u00e3o em vigor, o canto deve ser em un\u00edssono (coro) ou instrumental, raz\u00e3o pela qual n\u00e3o cabe a interpreta\u00e7\u00e3o-solo. E o registro do nosso querido Hino neste GRB \u00e9 do tempo em que n\u00e3o havia esse impedimento legal, a cargo de Vicente Celestino, acompanhado pela Banda do Batalh\u00e3o Naval, em 1918,\u00a0 em 76 rpm da Odeon\/Casa Edison, n\u00famero 121342. Em 1985, Faf\u00e1 de Bel\u00e9m cantou o \u201cHino Nacional\u201d de forma livre.<\/p>\n<p>Outra raridade que vem em seguida, em grava\u00e7\u00e3o particular, \u00e9 o \u201cHino a Tancredo Neves\u201d, feito por ocasi\u00e3o de sua candidatura ao governo de Minas Gerais, em 1960. Entretanto, quem levou a melhor foi Magalh\u00e3es Pinto. Como se sabe, em 1985, Tancredo Neves seria o \u00faltimo presidente eleito indiretamente no Brasil por col\u00e9gio eleitoral, mas n\u00e3o tomaria posse, tendo sido operado v\u00e1rias vezes e transferido de hospital, de Bras\u00edlia para S\u00e3o Paulo.. O Brasil inteiro acompanhou apreensivo a evolu\u00e7\u00e3o de seu estado de sa\u00fade, que foi piorando at\u00e9 que seu falecimento foi anunciado, em pleno dia de Tiradentes daquele ano, 21 de abril.<\/p>\n<p>Em 1950, Get\u00falio Vargas retorna \u00e0 presid\u00eancia, agora por voto direto. E a faixa seguinte \u00e9 justamente seu discurso de posse no cargo m\u00e1ximo da Na\u00e7\u00e3o, em 31 de janeiro de 1951. Depois, vem um de seus tradicionais discursos alusivos ao Dia do Trabalho, 1.o de maio, este de 1952, come\u00e7ando com \u201ctrabalhadores do Brasil\u201d e tudo o mais&#8230;<\/p>\n<p>E para finalizar, apresentamos mais uma raridade da her\u00f3ica fase mec\u00e2nica das 76 rota\u00e7\u00f5es por minuto. \u00c9 a polca \u201cNo bico da chaleira\u201d, de Costa J\u00fanior, em grava\u00e7\u00e3o instrumental da Banda da Casa Edison, de 1907 (Odeon 108086, matriz XR-619). \u00c9 uma refer\u00eancia \u00e0 corte de bajuladores que cercava o ent\u00e3o senador Pinheiro Machado, ga\u00facho de Cruz Alta, que era conhecida como \u201cos pega-na-chaleira\u201d (termo equivalente a \u201cpuxa-saco\u201d, termo que seria popularizado anos mais tarde por outra marchinha). Pinheiro Machado seria assassinado no sagu\u00e3o do Hotel dos Estrangeiros, no bairro carioca do Flamengo, em 8 de setembro de 1915. Ele levou uma punhalada nas costas\u00a0 do criminoso\u00a0 Manso de Paiva (que sempre insistia ter agido por conta pr\u00f3pria). As \u00faltimas palavras de Pinheiro Machado teriam sido: \u201cAh, canalha! Apunhalaram-me!\u201d<\/p>\n<p>Enfim, esta \u00e9 mais uma edi\u00e7\u00e3o hist\u00f3rica do GRB, constituindo aut\u00eantica cr\u00f4nica l\u00edtero-musical de nossa hist\u00f3ria pol\u00edtica.<\/p>\n<p>&nbsp;<\/p>\n<p>Texto de SAMUEL MACHADO FILHO.<\/p>\n","protected":false},"excerpt":{"rendered":"<p>Como \u00e9, eleitor amigo culto, oculto e associado do TM? Votou certo no \u00faltimo domingo, dia 2? Escolheu bem seus candidatos a prefeitos e vereadores? Bem, o fato \u00e9 que in\u00fameras capitais (bem como outras cidades do Brasil e do &hellip; <a href=\"https:\/\/www.toque-musicall.com\/?p=2529\">Continue lendo <span class=\"meta-nav\">&rarr;<\/span><\/a><\/p>\n","protected":false},"author":1,"featured_media":0,"comment_status":"open","ping_status":"closed","sticky":false,"template":"","format":"standard","meta":{"footnotes":""},"categories":[13],"tags":[],"class_list":["post-2529","post","type-post","status-publish","format-standard","hentry","category-selo-grand-record-brazil"],"_links":{"self":[{"href":"https:\/\/www.toque-musicall.com\/index.php?rest_route=\/wp\/v2\/posts\/2529","targetHints":{"allow":["GET"]}}],"collection":[{"href":"https:\/\/www.toque-musicall.com\/index.php?rest_route=\/wp\/v2\/posts"}],"about":[{"href":"https:\/\/www.toque-musicall.com\/index.php?rest_route=\/wp\/v2\/types\/post"}],"author":[{"embeddable":true,"href":"https:\/\/www.toque-musicall.com\/index.php?rest_route=\/wp\/v2\/users\/1"}],"replies":[{"embeddable":true,"href":"https:\/\/www.toque-musicall.com\/index.php?rest_route=%2Fwp%2Fv2%2Fcomments&post=2529"}],"version-history":[{"count":3,"href":"https:\/\/www.toque-musicall.com\/index.php?rest_route=\/wp\/v2\/posts\/2529\/revisions"}],"predecessor-version":[{"id":4165,"href":"https:\/\/www.toque-musicall.com\/index.php?rest_route=\/wp\/v2\/posts\/2529\/revisions\/4165"}],"wp:attachment":[{"href":"https:\/\/www.toque-musicall.com\/index.php?rest_route=%2Fwp%2Fv2%2Fmedia&parent=2529"}],"wp:term":[{"taxonomy":"category","embeddable":true,"href":"https:\/\/www.toque-musicall.com\/index.php?rest_route=%2Fwp%2Fv2%2Fcategories&post=2529"},{"taxonomy":"post_tag","embeddable":true,"href":"https:\/\/www.toque-musicall.com\/index.php?rest_route=%2Fwp%2Fv2%2Ftags&post=2529"}],"curies":[{"name":"wp","href":"https:\/\/api.w.org\/{rel}","templated":true}]}}