{"id":253,"date":"2011-11-07T09:00:00","date_gmt":"2011-11-07T09:00:00","guid":{"rendered":"http:\/\/www.toque-musicall.com\/?p=253"},"modified":"2011-11-07T09:00:00","modified_gmt":"2011-11-07T09:00:00","slug":"a-fabrica-trilha-original-da-novela-1971","status":"publish","type":"post","link":"https:\/\/www.toque-musicall.com\/?p=253","title":{"rendered":"A F\u00e1brica &#8211; Trilha Original Da Novela (1971)"},"content":{"rendered":"<p><a href=\"http:\/\/3.bp.blogspot.com\/-ainAsmZO4_0\/TreekjyTT8I\/AAAAAAAAAjg\/Duqyh1JBrv0\/s1600\/a+fabrica+P.JPG\"><img decoding=\"async\" style=\"display:block; margin:0px auto 10px; text-align:center;cursor:pointer; cursor:hand;width: 398px; height: 400px;\" src=\"http:\/\/3.bp.blogspot.com\/-ainAsmZO4_0\/TreekjyTT8I\/AAAAAAAAAjg\/Duqyh1JBrv0\/s400\/a+fabrica+P.JPG\" border=\"0\" alt=\"\" id=\"BLOGGER_PHOTO_ID_5672176606615130050\" \/><\/a>Bom dia, amigos cultos e ocultos! Ainda na estrada, sem saber direito a que horas eu estarei de volta, vou aproveitar enquanto tomo o caf\u00e9 para fazer esta postagem. Hoje iremos com outra trilha de novela, a \u00fanica que eu tinha \u00e0 m\u00e3o, ou melhor, no meu computador.<\/p>\n<div>Vamos com a trilha de &#8220;A F\u00e1brica&#8221;, novela levada ao ar em 1971. Escrita e dirigida por Geraldo Vietri, teve uma trilha preparada especialmente para o drama e contou para isso com a Grande Orquestra Copacabana e alguns de seus regentes\/arranjadores. A trilha \u00e9 totalmente orquestral com alguns temas criados a partir da m\u00fasica erudita, cl\u00e1ssica e outras em arranjos criados pelos maestros Portinho, Leo Peracchi, Renato de Oliveira, Edmundo Vilani, Salinas e Moacyr Portes. Para quem gosta de orquestra, ta\u00ed um prato cheio. V\u00e3o conferindo a\u00ed, porque eu aqui j\u00e1 estou de sa\u00edda.<\/div>\n<div><\/div>\n<div style=\"text-align: center;\">can\u00e7\u00e3o da alegria (baseado no \u00faltimo movimento da 9\u00aa sinfonia, de beethoven<\/div>\n<div style=\"text-align: center;\">tema da sinfonia n\u00ba 40 em sol menor, de mozart <\/div>\n<div style=\"text-align: center;\">concert for a lover&#8217;s ending<\/div>\n<div style=\"text-align: center;\">cinismo<\/div>\n<div style=\"text-align: center;\">tema de izabel<\/div>\n<div style=\"text-align: center;\">nosso primeiro amor<\/div>\n<div style=\"text-align: center;\">opus n\u00ba 3<\/div>\n<div style=\"text-align: center;\">opus n\u00ba 4<\/div>\n<div style=\"text-align: center;\">a for\u00e7a do amor<\/div>\n<div style=\"text-align: center;\">or-nan<\/div>\n<div style=\"text-align: center;\">a can\u00e7\u00e3o anti t\u00f3xico<\/div>\n<div style=\"text-align: center;\"><\/div>\n<div style=\"text-align: center;\"><\/div>\n","protected":false},"excerpt":{"rendered":"<p>Bom dia, amigos cultos e ocultos! Ainda na estrada, sem saber direito a que horas eu estarei de volta, vou aproveitar enquanto tomo o caf\u00e9 para fazer esta postagem. Hoje iremos com outra trilha de novela, a \u00fanica que eu &hellip; <a href=\"https:\/\/www.toque-musicall.com\/?p=253\">Continue lendo <span class=\"meta-nav\">&rarr;<\/span><\/a><\/p>\n","protected":false},"author":1,"featured_media":0,"comment_status":"open","ping_status":"closed","sticky":false,"template":"","format":"standard","meta":{"footnotes":""},"categories":[451,450,445,447,448,449,446,152,346],"tags":[],"class_list":["post-253","post","type-post","status-publish","format-standard","hentry","category-edmundo-vilani","category-leo-peracchi","category-moacyr-portes","category-novela-a-fabrica","category-portinho","category-renato-de-oliveira","category-salinas","category-selo-copacabana","category-trilhas"],"_links":{"self":[{"href":"https:\/\/www.toque-musicall.com\/index.php?rest_route=\/wp\/v2\/posts\/253","targetHints":{"allow":["GET"]}}],"collection":[{"href":"https:\/\/www.toque-musicall.com\/index.php?rest_route=\/wp\/v2\/posts"}],"about":[{"href":"https:\/\/www.toque-musicall.com\/index.php?rest_route=\/wp\/v2\/types\/post"}],"author":[{"embeddable":true,"href":"https:\/\/www.toque-musicall.com\/index.php?rest_route=\/wp\/v2\/users\/1"}],"replies":[{"embeddable":true,"href":"https:\/\/www.toque-musicall.com\/index.php?rest_route=%2Fwp%2Fv2%2Fcomments&post=253"}],"version-history":[{"count":0,"href":"https:\/\/www.toque-musicall.com\/index.php?rest_route=\/wp\/v2\/posts\/253\/revisions"}],"wp:attachment":[{"href":"https:\/\/www.toque-musicall.com\/index.php?rest_route=%2Fwp%2Fv2%2Fmedia&parent=253"}],"wp:term":[{"taxonomy":"category","embeddable":true,"href":"https:\/\/www.toque-musicall.com\/index.php?rest_route=%2Fwp%2Fv2%2Fcategories&post=253"},{"taxonomy":"post_tag","embeddable":true,"href":"https:\/\/www.toque-musicall.com\/index.php?rest_route=%2Fwp%2Fv2%2Ftags&post=253"}],"curies":[{"name":"wp","href":"https:\/\/api.w.org\/{rel}","templated":true}]}}