{"id":254,"date":"2011-11-06T13:57:00","date_gmt":"2011-11-06T13:57:00","guid":{"rendered":"http:\/\/www.toque-musicall.com\/?p=254"},"modified":"2011-11-06T13:57:00","modified_gmt":"2011-11-06T13:57:00","slug":"vera-lucia-leva-me-contigo-1960","status":"publish","type":"post","link":"https:\/\/www.toque-musicall.com\/?p=254","title":{"rendered":"Vera L\u00facia &#8211; Leva-me Contigo (1960)"},"content":{"rendered":"<p><a href=\"http:\/\/2.bp.blogspot.com\/--zryx_9lhv4\/TraS0PShFlI\/AAAAAAAAAjU\/JCOI0NP3sYE\/s1600\/folder.jpg\"><img decoding=\"async\" style=\"display:block; margin:0px auto 10px; text-align:center;cursor:pointer; cursor:hand;width: 400px; height: 400px;\" src=\"http:\/\/2.bp.blogspot.com\/--zryx_9lhv4\/TraS0PShFlI\/AAAAAAAAAjU\/JCOI0NP3sYE\/s400\/folder.jpg\" border=\"0\" alt=\"\" id=\"BLOGGER_PHOTO_ID_5671882206874768978\" \/><\/a>Bom dia, amigos cultos e ocultos! Para um domingo bonito e de sol como o de hoje, eu trago mais uma vez ao Toque Musical a cantora Vera L\u00facia. H\u00e1 pouco mais de um m\u00eas eu havia postado aqui o \u00e1lbum &#8220;<a href=\"http:\/\/toque-musical.blogspot.com\/search\/label\/Vera%20L%C3%BAcia\">Confid\u00eancias&#8230;<\/a>&#8221; desta cantora, lan\u00e7ado pela Sinter em 1959. No ano seguinte ela voltaria em disco, desta vez atrav\u00e9s da Companhia Brasileira de Discos, que se transformava naqueles anos na gravadora Philips. O \u00e1lbum foi muito bem produzido, afirmando a qualidade da nova gravadora. Vera L\u00facia n\u00e3o entrou nessa por acaso, foi sim uma escolha bem pensada, assim como o repert\u00f3rio, m\u00fasicos e dire\u00e7\u00e3o musical (reg\u00eancia e orquestra\u00e7\u00e3o) que ficou a cargo do Maestro Carlos Monteiro de Souza. Mais uma vez Vera L\u00facia se supera, fazendo um disco perfeito, segundo o cronista Ary Vasconcelos no texto de contracapa. Pessoalmente, ainda fico com o primeiro, mas isso \u00e9 quest\u00e3o de gosto. Independente disso, temos aqui mais um belo trabalho desta, hoje, esquecida cantora. Quem ainda n\u00e3o o ouviu por outras fontes, aproveita agora. &#8220;Quem sabe faz a hora, n\u00e3o espera aconteder&#8230;&#8221;<\/p>\n<div><\/div>\n<div style=\"text-align: center;\">d\u00f3i, d\u00f3i, d\u00f3i&#8230;<\/div>\n<div style=\"text-align: center;\">s\u00f3 deus<\/div>\n<div style=\"text-align: center;\">chora tua tristeza<\/div>\n<div style=\"text-align: center;\">can\u00e7\u00e3o de sorrir, de chorar<\/div>\n<div style=\"text-align: center;\">quando a esperan\u00e7a vai embora<\/div>\n<div style=\"text-align: center;\">esquecendo voc\u00ea<\/div>\n<div style=\"text-align: center;\">discuss\u00e3o<\/div>\n<div style=\"text-align: center;\">leva-me contigo<\/div>\n<div style=\"text-align: center;\">pela rua<\/div>\n<div style=\"text-align: center;\">sou feliz<\/div>\n<div style=\"text-align: center;\">medita\u00e7\u00e3o<\/div>\n<div style=\"text-align: center;\">se eu pudesse ir embora<\/div>\n<div style=\"text-align: center;\"><\/div>\n<div style=\"text-align: center;\"><\/div>\n","protected":false},"excerpt":{"rendered":"<p>Bom dia, amigos cultos e ocultos! Para um domingo bonito e de sol como o de hoje, eu trago mais uma vez ao Toque Musical a cantora Vera L\u00facia. H\u00e1 pouco mais de um m\u00eas eu havia postado aqui o &hellip; <a href=\"https:\/\/www.toque-musicall.com\/?p=254\">Continue lendo <span class=\"meta-nav\">&rarr;<\/span><\/a><\/p>\n","protected":false},"author":1,"featured_media":0,"comment_status":"open","ping_status":"closed","sticky":false,"template":"","format":"standard","meta":{"footnotes":""},"categories":[48,452],"tags":[],"class_list":["post-254","post","type-post","status-publish","format-standard","hentry","category-selo-philips","category-vera-lucia"],"_links":{"self":[{"href":"https:\/\/www.toque-musicall.com\/index.php?rest_route=\/wp\/v2\/posts\/254","targetHints":{"allow":["GET"]}}],"collection":[{"href":"https:\/\/www.toque-musicall.com\/index.php?rest_route=\/wp\/v2\/posts"}],"about":[{"href":"https:\/\/www.toque-musicall.com\/index.php?rest_route=\/wp\/v2\/types\/post"}],"author":[{"embeddable":true,"href":"https:\/\/www.toque-musicall.com\/index.php?rest_route=\/wp\/v2\/users\/1"}],"replies":[{"embeddable":true,"href":"https:\/\/www.toque-musicall.com\/index.php?rest_route=%2Fwp%2Fv2%2Fcomments&post=254"}],"version-history":[{"count":0,"href":"https:\/\/www.toque-musicall.com\/index.php?rest_route=\/wp\/v2\/posts\/254\/revisions"}],"wp:attachment":[{"href":"https:\/\/www.toque-musicall.com\/index.php?rest_route=%2Fwp%2Fv2%2Fmedia&parent=254"}],"wp:term":[{"taxonomy":"category","embeddable":true,"href":"https:\/\/www.toque-musicall.com\/index.php?rest_route=%2Fwp%2Fv2%2Fcategories&post=254"},{"taxonomy":"post_tag","embeddable":true,"href":"https:\/\/www.toque-musicall.com\/index.php?rest_route=%2Fwp%2Fv2%2Ftags&post=254"}],"curies":[{"name":"wp","href":"https:\/\/api.w.org\/{rel}","templated":true}]}}