{"id":2543,"date":"2012-10-10T00:20:15","date_gmt":"2012-10-10T00:20:15","guid":{"rendered":"http:\/\/www.toque-musicall.com\/?p=2543"},"modified":"2012-10-11T00:21:24","modified_gmt":"2012-10-11T00:21:24","slug":"nara-leao-e-dominguinhos-projeto-pixiguinha-1978-2012","status":"publish","type":"post","link":"https:\/\/www.toque-musicall.com\/?p=2543","title":{"rendered":"Nara Le\u00e3o E Dominguinhos &#8211; Projeto Pixiguinha 1978 (2012)"},"content":{"rendered":"<p><img loading=\"lazy\" decoding=\"async\" class=\"aligncenter\" src=\"http:\/\/2.bp.blogspot.com\/-mxNwDF46YTY\/UHYKVNFP8uI\/AAAAAAAAEMo\/OVAdGdGvC5U\/s400\/C\u00f3pia+de+CAPA+P.JPG\" alt=\"\" width=\"400\" height=\"400\" \/><img loading=\"lazy\" decoding=\"async\" class=\"aligncenter\" src=\"http:\/\/2.bp.blogspot.com\/-pzKS1uJ1OPU\/UHYKPDGvhfI\/AAAAAAAAEMg\/p5WbVz4NnyM\/s400\/CONTRACAPA+p.JPG\" alt=\"\" width=\"400\" height=\"400\" \/><\/p>\n<p>Boa noite, meus prezados cultos e ocultos! No corre corre e sem tempo, aqui vai a postagem do dia. Mais um show do Projeto Pixinguinha transformado em \u2018webdisco\u2019. O sexto volume da nossa s\u00e9rie. Temos desta vez Nara Le\u00e3o ao lado de Dominguinhos num encontro em 1978. Participam tamb\u00e9m no acompanhamento o conjunto Os Carioquinhas e o Trio Ritmo Nordestino. Eu assisti a esse show no Pal\u00e1cio das Artes. Bom demais!<\/p>\n<p>Confiram no site da Funarte, <a href=\"http:\/\/www.funarte.gov.br\/brasilmemoriadasartes\/acervo\/pixinguinha\/nara-dominguinhos-e-um-time-de-jovens-choroes-no-projeto-pixinguinha-de-1978\/\">na p\u00e1gina do Projeto Pixinguinha<\/a>, as informa\u00e7\u00f5es detalhadas deste e de outros shows memor\u00e1veis.<\/p>\n<p align=\"center\">chegando de mansinho \u2013 nara e dominguinhos<\/p>\n<p align=\"center\">saudade matadeira \u2013 nara e dominguinhos<\/p>\n<p align=\"center\">forr\u00f3 na casa de biu \u2013 sete meninas \u2013 dominguinhos<\/p>\n<p align=\"center\">dominguinhos fala ao p\u00fablico<\/p>\n<p align=\"center\">p\u00e9 de serra \u2013 matuto de opini\u00e3o \u2013 vassourinhas \u2013 evoca\u00e7\u00e3o \u2013 dominguinhos<\/p>\n<p align=\"center\">desafinado \u2013 nara le\u00e3o<\/p>\n<p align=\"center\">camisa amarela \u2013 nara le\u00e3o<\/p>\n<p align=\"center\">sem compromisso \u2013 nara le\u00e3o<\/p>\n<p align=\"center\">1 x 0 \u2013 os carioquinhas<\/p>\n<p align=\"center\">tigresa \u2013 nara le\u00e3o<\/p>\n<p align=\"center\">jo\u00e3o e maria \u2013 nara e dominguinhos<\/p>\n<p align=\"center\">davilicen\u00e7a \u2013 nara, dominguinhos e os carioquinhas<\/p>\n<p align=\"center\">o seu amor \u2013 nara le\u00e3o<\/p>\n<p align=\"center\">tim tim por tim tim \u2013 nara le\u00e3o<\/p>\n<p align=\"center\">este seu olhar \u2013 corcovado \u2013 nara, dominguinhos e os carioquinhas<\/p>\n<p align=\"center\">tenho sede \u2013 dominguinhos<\/p>\n<p align=\"center\">\n","protected":false},"excerpt":{"rendered":"<p>Boa noite, meus prezados cultos e ocultos! No corre corre e sem tempo, aqui vai a postagem do dia. Mais um show do Projeto Pixinguinha transformado em \u2018webdisco\u2019. O sexto volume da nossa s\u00e9rie. Temos desta vez Nara Le\u00e3o ao &hellip; <a href=\"https:\/\/www.toque-musicall.com\/?p=2543\">Continue lendo <span class=\"meta-nav\">&rarr;<\/span><\/a><\/p>\n","protected":false},"author":1,"featured_media":0,"comment_status":"open","ping_status":"closed","sticky":false,"template":"","format":"standard","meta":{"footnotes":""},"categories":[1791,288,62],"tags":[],"class_list":["post-2543","post","type-post","status-publish","format-standard","hentry","category-dominguinhos","category-nara-leao","category-projeto-pixinguinha"],"_links":{"self":[{"href":"https:\/\/www.toque-musicall.com\/index.php?rest_route=\/wp\/v2\/posts\/2543","targetHints":{"allow":["GET"]}}],"collection":[{"href":"https:\/\/www.toque-musicall.com\/index.php?rest_route=\/wp\/v2\/posts"}],"about":[{"href":"https:\/\/www.toque-musicall.com\/index.php?rest_route=\/wp\/v2\/types\/post"}],"author":[{"embeddable":true,"href":"https:\/\/www.toque-musicall.com\/index.php?rest_route=\/wp\/v2\/users\/1"}],"replies":[{"embeddable":true,"href":"https:\/\/www.toque-musicall.com\/index.php?rest_route=%2Fwp%2Fv2%2Fcomments&post=2543"}],"version-history":[{"count":2,"href":"https:\/\/www.toque-musicall.com\/index.php?rest_route=\/wp\/v2\/posts\/2543\/revisions"}],"predecessor-version":[{"id":2545,"href":"https:\/\/www.toque-musicall.com\/index.php?rest_route=\/wp\/v2\/posts\/2543\/revisions\/2545"}],"wp:attachment":[{"href":"https:\/\/www.toque-musicall.com\/index.php?rest_route=%2Fwp%2Fv2%2Fmedia&parent=2543"}],"wp:term":[{"taxonomy":"category","embeddable":true,"href":"https:\/\/www.toque-musicall.com\/index.php?rest_route=%2Fwp%2Fv2%2Fcategories&post=2543"},{"taxonomy":"post_tag","embeddable":true,"href":"https:\/\/www.toque-musicall.com\/index.php?rest_route=%2Fwp%2Fv2%2Ftags&post=2543"}],"curies":[{"name":"wp","href":"https:\/\/api.w.org\/{rel}","templated":true}]}}