{"id":2548,"date":"2012-10-12T01:35:06","date_gmt":"2012-10-12T01:35:06","guid":{"rendered":"http:\/\/www.toque-musicall.com\/?p=2548"},"modified":"2012-10-15T01:29:47","modified_gmt":"2012-10-15T01:29:47","slug":"verde-que-te-quero-ver-1985","status":"publish","type":"post","link":"https:\/\/www.toque-musicall.com\/?p=2548","title":{"rendered":"Verde Que Te Quero Ver (1985)"},"content":{"rendered":"<p><img loading=\"lazy\" decoding=\"async\" class=\"aligncenter\" src=\"http:\/\/4.bp.blogspot.com\/-5crD5UhgJzg\/UHi6F0kkjzI\/AAAAAAAAEPA\/TaWVMci9xGc\/s400\/capaP.JPG\" alt=\"\" width=\"400\" height=\"400\" \/><img loading=\"lazy\" decoding=\"async\" class=\"aligncenter\" src=\"http:\/\/3.bp.blogspot.com\/-n7M0CroWJCc\/UHi6B7_3xmI\/AAAAAAAAEO4\/cZP-in9MGWY\/s400\/contracapa.JPG\" alt=\"\" width=\"400\" height=\"400\" \/><\/p>\n<p>Boa noite, amigos cultos, ocultos e associados! Hoje eu estou sendo obrigado a usar um dos meus arquivos de gaveta. Estou fora de casa e sem condi\u00e7\u00f5es de atende-los melhor. D\u00e1 um trabalho quando se tem que fazer tudo pelo celular, isso sem falar na conex\u00e3o! Mas a gente chega l\u00e1&#8230; \ud83d\ude42<\/p>\n<p>Vou aproveitar o gancho do Dia das Crian\u00e7as e postar aqui um disco super bacana. Uma verdadeira festa, cheia de artistas variados. Temos aqui um musical infantil criado por Paulinho Tapaj\u00f3s e Edmundo Souto: \u201cVerde que te quero ver \u2013 A lenda de Luana\u201d. Ta\u00ed um trabalho muito interessante que vale uma conferida. Se quiserem, \u00e9 s\u00f3 dar um toque, ok?<\/p>\n<p align=\"center\">verde que te quero ver<\/p>\n<p align=\"center\">can\u00e7\u00e3o do despertar<\/p>\n<p align=\"center\">xote dos p\u00e1ssaros<\/p>\n<p align=\"center\">aguap\u00e9<\/p>\n<p align=\"center\">boto desbotado<\/p>\n<p align=\"center\">can\u00e7\u00e3o do arco \u00edris<\/p>\n<p align=\"center\">conquista do cacique<\/p>\n<p align=\"center\">dan\u00e7a dos brinquedos<\/p>\n<p align=\"center\">doce doce<\/p>\n<p align=\"center\">raio de luar<\/p>\n<p align=\"center\">acalanto de luana<\/p>\n<p align=\"center\">palha\u00e7o real<\/p>\n<p align=\"center\">can\u00e7\u00e3o de fadas<\/p>\n<p align=\"center\">quando eu ficar grand\u00e3o<\/p>\n<p align=\"center\">\n","protected":false},"excerpt":{"rendered":"<p>Boa noite, amigos cultos, ocultos e associados! Hoje eu estou sendo obrigado a usar um dos meus arquivos de gaveta. Estou fora de casa e sem condi\u00e7\u00f5es de atende-los melhor. D\u00e1 um trabalho quando se tem que fazer tudo pelo &hellip; <a href=\"https:\/\/www.toque-musicall.com\/?p=2548\">Continue lendo <span class=\"meta-nav\">&rarr;<\/span><\/a><\/p>\n","protected":false},"author":1,"featured_media":0,"comment_status":"open","ping_status":"closed","sticky":false,"template":"","format":"standard","meta":{"footnotes":""},"categories":[937,1647,252,346,1182],"tags":[],"class_list":["post-2548","post","type-post","status-publish","format-standard","hentry","category-antonio-adolfo","category-paulinho-tapajos","category-selo-wea","category-trilhas","category-viva-voz"],"_links":{"self":[{"href":"https:\/\/www.toque-musicall.com\/index.php?rest_route=\/wp\/v2\/posts\/2548","targetHints":{"allow":["GET"]}}],"collection":[{"href":"https:\/\/www.toque-musicall.com\/index.php?rest_route=\/wp\/v2\/posts"}],"about":[{"href":"https:\/\/www.toque-musicall.com\/index.php?rest_route=\/wp\/v2\/types\/post"}],"author":[{"embeddable":true,"href":"https:\/\/www.toque-musicall.com\/index.php?rest_route=\/wp\/v2\/users\/1"}],"replies":[{"embeddable":true,"href":"https:\/\/www.toque-musicall.com\/index.php?rest_route=%2Fwp%2Fv2%2Fcomments&post=2548"}],"version-history":[{"count":3,"href":"https:\/\/www.toque-musicall.com\/index.php?rest_route=\/wp\/v2\/posts\/2548\/revisions"}],"predecessor-version":[{"id":2550,"href":"https:\/\/www.toque-musicall.com\/index.php?rest_route=\/wp\/v2\/posts\/2548\/revisions\/2550"}],"wp:attachment":[{"href":"https:\/\/www.toque-musicall.com\/index.php?rest_route=%2Fwp%2Fv2%2Fmedia&parent=2548"}],"wp:term":[{"taxonomy":"category","embeddable":true,"href":"https:\/\/www.toque-musicall.com\/index.php?rest_route=%2Fwp%2Fv2%2Fcategories&post=2548"},{"taxonomy":"post_tag","embeddable":true,"href":"https:\/\/www.toque-musicall.com\/index.php?rest_route=%2Fwp%2Fv2%2Ftags&post=2548"}],"curies":[{"name":"wp","href":"https:\/\/api.w.org\/{rel}","templated":true}]}}