{"id":255,"date":"2011-11-05T21:08:00","date_gmt":"2011-11-05T21:08:00","guid":{"rendered":"http:\/\/www.toque-musicall.com\/?p=255"},"modified":"2011-11-05T21:08:00","modified_gmt":"2011-11-05T21:08:00","slug":"instrumental-vol-1-ao-gosto-do-augusto-2011","status":"publish","type":"post","link":"https:\/\/www.toque-musicall.com\/?p=255","title":{"rendered":"Instrumental Vol. 1 &#8211; Ao Gosto Do Augusto (2011)"},"content":{"rendered":"<p><a href=\"http:\/\/4.bp.blogspot.com\/-G4o2UUF2mNY\/TrZ5FGOzs6I\/AAAAAAAAAiw\/OpZHczOHUQs\/s1600\/CAPA+p.JPG\"><img decoding=\"async\" style=\"display:block; margin:0px auto 10px; text-align:center;cursor:pointer; cursor:hand;width: 397px; height: 400px;\" src=\"http:\/\/4.bp.blogspot.com\/-G4o2UUF2mNY\/TrZ5FGOzs6I\/AAAAAAAAAiw\/OpZHczOHUQs\/s400\/CAPA+p.JPG\" border=\"0\" alt=\"\" id=\"BLOGGER_PHOTO_ID_5671853909198746530\" \/><\/a>Ol\u00e1 amigos cultos e ocultos! Quando a gente est\u00e1 fora de casa, longe da discoteca e surpreendido por algumas eventualidades que nos afastam da rotina produtiva musical, o jeito \u00e9 apelar para o que se tem \u00e0 m\u00e3o. Como hoje \u00e9 dia de colet\u00e2nea, o jeito foi eu recorrer ao que eu tinha no meu &#8216;notebook&#8217;. Por precau\u00e7\u00e3o, eu sempre trago no meu port\u00e1til um pouco dos meus &#8216;arquivos de gaveta&#8217;. Da\u00ed, foi s\u00f3 ir selecionando as m\u00fasicas instrumentais que mais gosto. Obviamente, minha sele\u00e7\u00e3o n\u00e3o se limita \u00e0 vinte e poucas m\u00fasicas. Por isso foi que eu dei o nome a essa colet\u00e2nea de Instrumental Vol. 1. Quem sabe, mas adiante, eu resolva criar aqui mais uma seleta instrumental, n\u00e3o \u00e9 mesmo? <\/p>\n<div>Mais uma vez, criei tamb\u00e9m a capinha (com direito a contracapa), desta vez utilizando um detalhe de um desenho da minha amiga, a artista pl\u00e1stica e professora Concei\u00e7\u00e3o Bicalho. Ficou bacana, voc\u00eas n\u00e3o acham? <\/p>\n<div>Pois bem, segue aqui ent\u00e3o 23 m\u00fasicas que eu gosto muito. Temas variados, mas procurando sempre manter entre esses uma unidade, al\u00e9m do fato de serem m\u00fasicas simplesmente sem vocal. Espero que os amigos apreciem e comentem se estou ou n\u00e3o agradando. Isso faz bem e reanima (ou n\u00e3o), hehehe&#8230;<\/div>\n<div><\/div>\n<div style=\"text-align: center;\">maria fuma\u00e7a &#8211; banda black rio<\/div>\n<div style=\"text-align: center;\">papasong &#8211; azymuth<\/div>\n<div style=\"text-align: center;\">folk song &#8211; marco antonio ara\u00fajo<\/div>\n<div style=\"text-align: center;\">metr\u00f3pole &#8211; cesar mariano e cia<\/div>\n<div style=\"text-align: center;\">azymuth &#8211; marcos valle<\/div>\n<div style=\"text-align: center;\">maracan\u00e3 &#8211; grupo ponte a\u00e9rea<\/div>\n<div style=\"text-align: center;\">nordestina &#8211; grupo medusa<\/div>\n<div style=\"text-align: center;\">f\u00e1brica &#8211; cesar mariano e cia<\/div>\n<div style=\"text-align: center;\">dear limmertz &#8211; azymuth<\/div>\n<div style=\"text-align: center;\">correnteza &#8211; grupo d&#8217;alma<\/div>\n<div style=\"text-align: center;\">metr\u00f4 &#8211; cesar mariano e cia<\/div>\n<div style=\"text-align: center;\">mr. funky samba &#8211; banda black rio<\/div>\n<div style=\"text-align: center;\">bananal &#8211; grupo ponte a\u00e9rea<\/div>\n<div style=\"text-align: center;\">o bofe &#8211; som ambiente<\/div>\n<div style=\"text-align: center;\">promessas do sol &#8211; oficina instrumental uakti<\/div>\n<div style=\"text-align: center;\">viver de amor &#8211; toninho horta<\/div>\n<div style=\"text-align: center;\">palha\u00e7o &#8211; egberto gismonti<\/div>\n<div style=\"text-align: center;\">latin flute &#8211; eumir deodato<\/div>\n<div style=\"text-align: center;\">cascavel &#8211; antonio adolfo<\/div>\n<div style=\"text-align: center;\">do it again &#8211; eumir deodato<\/div>\n<div style=\"text-align: center;\">viralata &#8211; antonio adolfo<\/div>\n<div style=\"text-align: center;\">freio aerodin\u00e2mico &#8211; marcos valle<\/div>\n<div style=\"text-align: center;\">rocking with mocot\u00f3 &#8211; trio mocot\u00f3 e dizzy gillespie<\/div>\n<div style=\"text-align: center;\"><\/div>\n<div style=\"text-align: center;\"><\/div>\n<\/div>\n","protected":false},"excerpt":{"rendered":"<p>Ol\u00e1 amigos cultos e ocultos! Quando a gente est\u00e1 fora de casa, longe da discoteca e surpreendido por algumas eventualidades que nos afastam da rotina produtiva musical, o jeito \u00e9 apelar para o que se tem \u00e0 m\u00e3o. Como hoje &hellip; <a href=\"https:\/\/www.toque-musicall.com\/?p=255\">Continue lendo <span class=\"meta-nav\">&rarr;<\/span><\/a><\/p>\n","protected":false},"author":1,"featured_media":0,"comment_status":"open","ping_status":"closed","sticky":false,"template":"","format":"standard","meta":{"footnotes":""},"categories":[453,249],"tags":[],"class_list":["post-255","post","type-post","status-publish","format-standard","hentry","category-coletanea-instrumental-ao-gosto-do-augusto","category-coletanea-toque-musical"],"_links":{"self":[{"href":"https:\/\/www.toque-musicall.com\/index.php?rest_route=\/wp\/v2\/posts\/255","targetHints":{"allow":["GET"]}}],"collection":[{"href":"https:\/\/www.toque-musicall.com\/index.php?rest_route=\/wp\/v2\/posts"}],"about":[{"href":"https:\/\/www.toque-musicall.com\/index.php?rest_route=\/wp\/v2\/types\/post"}],"author":[{"embeddable":true,"href":"https:\/\/www.toque-musicall.com\/index.php?rest_route=\/wp\/v2\/users\/1"}],"replies":[{"embeddable":true,"href":"https:\/\/www.toque-musicall.com\/index.php?rest_route=%2Fwp%2Fv2%2Fcomments&post=255"}],"version-history":[{"count":0,"href":"https:\/\/www.toque-musicall.com\/index.php?rest_route=\/wp\/v2\/posts\/255\/revisions"}],"wp:attachment":[{"href":"https:\/\/www.toque-musicall.com\/index.php?rest_route=%2Fwp%2Fv2%2Fmedia&parent=255"}],"wp:term":[{"taxonomy":"category","embeddable":true,"href":"https:\/\/www.toque-musicall.com\/index.php?rest_route=%2Fwp%2Fv2%2Fcategories&post=255"},{"taxonomy":"post_tag","embeddable":true,"href":"https:\/\/www.toque-musicall.com\/index.php?rest_route=%2Fwp%2Fv2%2Ftags&post=255"}],"curies":[{"name":"wp","href":"https:\/\/api.w.org\/{rel}","templated":true}]}}