{"id":2555,"date":"2012-10-14T01:25:24","date_gmt":"2012-10-14T01:25:24","guid":{"rendered":"http:\/\/www.toque-musicall.com\/?p=2555"},"modified":"2012-10-15T01:25:56","modified_gmt":"2012-10-15T01:25:56","slug":"clara-nunes-a-beleza-que-canta-1969","status":"publish","type":"post","link":"https:\/\/www.toque-musicall.com\/?p=2555","title":{"rendered":"Clara Nunes &#8211; A Beleza Que Canta (1969)"},"content":{"rendered":"<p><img loading=\"lazy\" decoding=\"async\" class=\"aligncenter\" src=\"http:\/\/3.bp.blogspot.com\/-wtZzFR43HTA\/UHte6NiF5jI\/AAAAAAAAERI\/AbnwxjVV4Ls\/s400\/capaP.JPG\" alt=\"\" width=\"398\" height=\"400\" \/><img loading=\"lazy\" decoding=\"async\" class=\"aligncenter\" src=\"http:\/\/1.bp.blogspot.com\/-eet1ZNXPN2k\/UHteua9VklI\/AAAAAAAAERA\/qT6jV5H6Y-w\/s400\/contraP.JPG\" alt=\"\" width=\"400\" height=\"394\" \/><\/p>\n<p>Boa noite a todos! Hoje o nosso encontro \u00e9 com a cantora Clara Nunes. Escolhi a artista para me facilitar a vida. J\u00e1 estamos chegando ao final do domingo e eu inteiramente esgotado. Antes que eu despenque de vez, segue aqui \u201cA beleza que canta\u201d, segundo \u00e1lbum gravado pela cantora, em 1969. Pessoalmente, gosto mais dessa primeira fase, ou melhor, dos tr\u00eas primeiros discos dela. Neste \u00e1lbum, produzido por Milton Miranda e dire\u00e7\u00e3o musical de Lyrio Panicalli, temos um repert\u00f3rio de excelentes sambas. Os arranjos e orquestra\u00e7\u00e3o s\u00e3o todos do maestro Bruno Ferreira, exceto a faixa \u201cDe esquina em esquina\u201d, que \u00e9 do maestro Ivan Paulo, com participa\u00e7\u00e3o especial do quarteto vocal 004. Um bom disco, com certeza. Se for do interesse, d\u00e1 um toque que a gente sobe ele para o GTM, ok?<\/p>\n<p align=\"center\">de esquina em esquina<\/p>\n<p align=\"center\">espuma congelada<\/p>\n<p align=\"center\">meus tempos de crian\u00e7a<\/p>\n<p align=\"center\">gente boa<\/p>\n<p align=\"center\">gra\u00e7as a deus<\/p>\n<p align=\"center\">guerreiro de oxal\u00e1<\/p>\n<p align=\"center\">a casinha pequenina<\/p>\n<p align=\"center\">foi ele<\/p>\n<p align=\"center\">at\u00e9 voltar<\/p>\n<p align=\"center\">felicidade<\/p>\n<p align=\"center\">hora de chegar<\/p>\n<p align=\"center\">a estrela e o astronauta<\/p>\n<p>&nbsp;<\/p>\n","protected":false},"excerpt":{"rendered":"<p>Boa noite a todos! Hoje o nosso encontro \u00e9 com a cantora Clara Nunes. Escolhi a artista para me facilitar a vida. J\u00e1 estamos chegando ao final do domingo e eu inteiramente esgotado. Antes que eu despenque de vez, segue &hellip; <a href=\"https:\/\/www.toque-musicall.com\/?p=2555\">Continue lendo <span class=\"meta-nav\">&rarr;<\/span><\/a><\/p>\n","protected":false},"author":1,"featured_media":0,"comment_status":"open","ping_status":"closed","sticky":false,"template":"","format":"standard","meta":{"footnotes":""},"categories":[896,86],"tags":[],"class_list":["post-2555","post","type-post","status-publish","format-standard","hentry","category-clara-nunes","category-selo-odeon"],"_links":{"self":[{"href":"https:\/\/www.toque-musicall.com\/index.php?rest_route=\/wp\/v2\/posts\/2555","targetHints":{"allow":["GET"]}}],"collection":[{"href":"https:\/\/www.toque-musicall.com\/index.php?rest_route=\/wp\/v2\/posts"}],"about":[{"href":"https:\/\/www.toque-musicall.com\/index.php?rest_route=\/wp\/v2\/types\/post"}],"author":[{"embeddable":true,"href":"https:\/\/www.toque-musicall.com\/index.php?rest_route=\/wp\/v2\/users\/1"}],"replies":[{"embeddable":true,"href":"https:\/\/www.toque-musicall.com\/index.php?rest_route=%2Fwp%2Fv2%2Fcomments&post=2555"}],"version-history":[{"count":2,"href":"https:\/\/www.toque-musicall.com\/index.php?rest_route=\/wp\/v2\/posts\/2555\/revisions"}],"predecessor-version":[{"id":2557,"href":"https:\/\/www.toque-musicall.com\/index.php?rest_route=\/wp\/v2\/posts\/2555\/revisions\/2557"}],"wp:attachment":[{"href":"https:\/\/www.toque-musicall.com\/index.php?rest_route=%2Fwp%2Fv2%2Fmedia&parent=2555"}],"wp:term":[{"taxonomy":"category","embeddable":true,"href":"https:\/\/www.toque-musicall.com\/index.php?rest_route=%2Fwp%2Fv2%2Fcategories&post=2555"},{"taxonomy":"post_tag","embeddable":true,"href":"https:\/\/www.toque-musicall.com\/index.php?rest_route=%2Fwp%2Fv2%2Ftags&post=2555"}],"curies":[{"name":"wp","href":"https:\/\/api.w.org\/{rel}","templated":true}]}}