{"id":256,"date":"2011-11-04T09:29:00","date_gmt":"2011-11-04T09:29:00","guid":{"rendered":"http:\/\/www.toque-musicall.com\/?p=256"},"modified":"2011-11-04T09:29:00","modified_gmt":"2011-11-04T09:29:00","slug":"dani-turcheto-madeira-torta-2011","status":"publish","type":"post","link":"https:\/\/www.toque-musicall.com\/?p=256","title":{"rendered":"Dani Turcheto &#8211; Madeira Torta (2011)"},"content":{"rendered":"<p><a href=\"http:\/\/1.bp.blogspot.com\/-mgrzT0XbX0c\/TrOw-UhKdnI\/AAAAAAAAAik\/SsAwcckEVhQ\/s1600\/folder.jpg\"><img decoding=\"async\" style=\"display: block; margin: 0px auto 10px; text-align: center; cursor: pointer; width: 400px; height: 396px;\" src=\"http:\/\/1.bp.blogspot.com\/-mgrzT0XbX0c\/TrOw-UhKdnI\/AAAAAAAAAik\/SsAwcckEVhQ\/s400\/folder.jpg\" alt=\"\" id=\"BLOGGER_PHOTO_ID_5671070940495771250\" border=\"0\" \/><\/a>Muito bom dia, amigos cultos e ocultos! Vez por outra (e mesmo sem  tempo) eu procuro dar uma mexida no blog, inserir alguma coisa,  implementar com alguma novidade e por a\u00ed a fora&#8230; O importante \u00e9 estar  sempre nessa muta\u00e7\u00e3o. Aqui, a \u00fanica coisa que n\u00e3o muda \u00e9 o visual do  avatar Augusto TM. Esse \u00e9 marca registrada, hehehe&#8230; <\/p>\n<div>No sentido de  manter a popularidade do Toque Musical eu estou sinalizando para as  minhas contas no Facebook e Orkut. Embora eu n\u00e3o tenha a menor paci\u00eancia  com esses sites de relacionamento, sei que s\u00e3o ferramentas importantes e  necess\u00e1rias nesse nosso mundo globalizado. N\u00e3o sei se terei saco para  abrir esses portais do social, mas vou tentar. O Orkut eu j\u00e1 tinha a  mais tempo, agora surgiu o primo rico, o Facebook, que para mim, \u00e9 a  mesma gel\u00e9ia. Enfim, estamos a\u00ed, sintonizados tamb\u00e9m com esse p\u00fablico.  Por favor, me adicionem&#8230; hehehe&#8230;<\/div>\n<div>Bom, ainda no pique das  novidades, eu tenho outra que vai agradar. Estou fazendo aqui uma  promo\u00e7\u00e3o e quem vai sair ganhado s\u00e3o voc\u00eas, quer dizer, alguns, os mais  sortudos \ud83d\ude42<\/div>\n<div>H\u00e1 quase dois meses atr\u00e1s eu postei aqui o  primeiro disco do cantor, compositor e sambista Dani Turcheto, que desde  ent\u00e3o tem feito muito sucesso no Toque Musical, pelo menos no n\u00famero de  acesso ao &#8216;download&#8217; do seu &#8220;Sobremesa&#8221;. Como eu havia dito, Dani \u00e9 um  m\u00fasico que busca uma rela\u00e7\u00e3o diferente com o p\u00fablico. Eu entendo que o  valor de sua arte est\u00e1 nele pr\u00f3prio e que os discos s\u00e3o mais uma  consequencia, um produto promocional de sua m\u00fasica e um registro do seu  feito. Na sua concep\u00e7\u00e3o, o p\u00fablico paga pelo que acha que vale.  Considerando essa sua ideia, acho que ele foi muito espertinho, pois s\u00f3  mesmo na ignor\u00e2ncia, p\u00e3odur\u00edsmo ou teimosia algu\u00e9m diria que sua obra \u00e9  ruim. Muito pelo contr\u00e1rio, o cara \u00e9 muito bom. Sua m\u00fasica tem  originalidade, qualidade e est\u00e1 acima de qualquer suspeita. Eu,  sinceramente, chego a estranhar o fato dele ainda n\u00e3o ter alcan\u00e7ado um  maior destaque na m\u00eddia. Onde est\u00e3o os nossos cr\u00edticos especializados  que ainda n\u00e3o ouviram o <a href=\"http:\/\/daniturcheto.com.br\/\">Dani Turcheto<\/a>?  Ser\u00e1 que foi preciso ele lan\u00e7ar mais um excelente \u00e1lbum para se  confirmar o seu talento? Se for isso, ent\u00e3o vamos l\u00e1&#8230; vamos conhecer  melhor esse artista da nova gera\u00e7\u00e3o da MPB. Tenho certeza que voc\u00eas n\u00e3o  ir\u00e3o se decepcionar, muito pelo contr\u00e1rio.  &#8220;<a href=\"http:\/\/daniturcheto.com.br\/\">Madeira Torta<\/a>&#8221;  \u00e9 mesmo uma confirma\u00e7\u00e3o de que bom gosto n\u00e3o surge por acaso. Um disco  disco ainda mais bem produzido que o primeiro. Gravado em Sampa e em  Nova York pelo m\u00fasico e produtor Jo\u00e3o Erbetta. As mixagens e  masteriza\u00e7\u00e3o tamb\u00e9m foram feitas nos &#8220;States&#8217;. Por a\u00ed j\u00e1 se v\u00ea o cuidado  na elabora\u00e7\u00e3o desse projeto. Dani tamb\u00e9m contou com um time de m\u00fasicos  de primeira. Me chamou a aten\u00e7\u00e3o tamb\u00e9m os arranjos, finos! Ele teve a  feliz ideia de colocar um Harmmod floreado os seus sambas. Convidou o  fera, Jon Cowhert, para tocar o Fender Rhodes e o B3. Putz, como eu  gosto do som daquele org\u00e3o! Deu um aspecto de nobreza, um misto  oscilando entre o moderno e o antigo. Como ele mesmo diz, fazendo samba  novo com cara de antigo. Em resumo, temos aqui um disca\u00e7o! &#8220;Madeira  Torta&#8221; foi lan\u00e7ado em formato CD e vinil (importado!) E \u00e9 com muito  prazer e honra que eu estou divulgado este trabalho, o qual, como disse  anteriormente, alguns sortudos poder\u00e3o ganhar o disco de verdade. Para  isso, basta apenas que os interessados entrem para curtir a &#8216;<a href=\"http:\/\/www.facebook.com\/pages\/Dani-Turcheto\/100438723375943?sk=app_178091127385\">fan page<\/a>&#8216; do artista, <a href=\"http:\/\/www.facebook.com\/pages\/Dani-Turcheto\/100438723375943?sk=app_178091127385\">no Facebook<\/a>,  comentem que conheceram o trabalho aqui no Toque Musical e que querem  receber gratuitamente um exemplar. Agora, para ganhar, o cabra tem que  dizer porque prefere o vinil ao inv\u00e9s do cd, ou vice versa. Os autores  das melhores frases ganhar\u00e3o os discos. Corram, pois o prazo \u00e9 limitado!  Mas, independente de sorteio, acho que vale a pena adquirir os discos.  <\/div>\n<p><\/p>\n<div style=\"text-align: center;\">madeira torta<br \/>um samba em cada esquina<br \/>deu zoeira<br \/>amor de l\u00e1grima<br \/>enchente<br \/>amanh\u00e3 ningu\u00e9m sabe<br \/>cora\u00e7\u00e3o de gato<br \/>atol<br \/>tempo de voar<br \/>festa de reis<br \/>voc\u00ea acha que eu gosto?<\/p>\n<p><\/div>\n","protected":false},"excerpt":{"rendered":"<p>Muito bom dia, amigos cultos e ocultos! Vez por outra (e mesmo sem tempo) eu procuro dar uma mexida no blog, inserir alguma coisa, implementar com alguma novidade e por a\u00ed a fora&#8230; O importante \u00e9 estar sempre nessa muta\u00e7\u00e3o. &hellip; <a href=\"https:\/\/www.toque-musicall.com\/?p=256\">Continue lendo <span class=\"meta-nav\">&rarr;<\/span><\/a><\/p>\n","protected":false},"author":1,"featured_media":0,"comment_status":"open","ping_status":"closed","sticky":false,"template":"","format":"standard","meta":{"footnotes":""},"categories":[454,25],"tags":[],"class_list":["post-256","post","type-post","status-publish","format-standard","hentry","category-dani-turcheto","category-selo-independente"],"_links":{"self":[{"href":"https:\/\/www.toque-musicall.com\/index.php?rest_route=\/wp\/v2\/posts\/256","targetHints":{"allow":["GET"]}}],"collection":[{"href":"https:\/\/www.toque-musicall.com\/index.php?rest_route=\/wp\/v2\/posts"}],"about":[{"href":"https:\/\/www.toque-musicall.com\/index.php?rest_route=\/wp\/v2\/types\/post"}],"author":[{"embeddable":true,"href":"https:\/\/www.toque-musicall.com\/index.php?rest_route=\/wp\/v2\/users\/1"}],"replies":[{"embeddable":true,"href":"https:\/\/www.toque-musicall.com\/index.php?rest_route=%2Fwp%2Fv2%2Fcomments&post=256"}],"version-history":[{"count":0,"href":"https:\/\/www.toque-musicall.com\/index.php?rest_route=\/wp\/v2\/posts\/256\/revisions"}],"wp:attachment":[{"href":"https:\/\/www.toque-musicall.com\/index.php?rest_route=%2Fwp%2Fv2%2Fmedia&parent=256"}],"wp:term":[{"taxonomy":"category","embeddable":true,"href":"https:\/\/www.toque-musicall.com\/index.php?rest_route=%2Fwp%2Fv2%2Fcategories&post=256"},{"taxonomy":"post_tag","embeddable":true,"href":"https:\/\/www.toque-musicall.com\/index.php?rest_route=%2Fwp%2Fv2%2Ftags&post=256"}],"curies":[{"name":"wp","href":"https:\/\/api.w.org\/{rel}","templated":true}]}}