{"id":2562,"date":"2012-10-16T22:50:50","date_gmt":"2012-10-16T22:50:50","guid":{"rendered":"http:\/\/www.toque-musicall.com\/?p=2562"},"modified":"2012-10-16T22:50:50","modified_gmt":"2012-10-16T22:50:50","slug":"abel-ferreira-jantar-dancante-1958","status":"publish","type":"post","link":"https:\/\/www.toque-musicall.com\/?p=2562","title":{"rendered":"Abel Ferreira &#8211; Jantar Dan\u00e7ante (1958)"},"content":{"rendered":"<p><img loading=\"lazy\" decoding=\"async\" class=\"aligncenter\" src=\"http:\/\/3.bp.blogspot.com\/-HtcDOWYSfDg\/UH3Yoe6Sv-I\/AAAAAAAAETg\/qGZjb2IWmRs\/s400\/capa+p.JPG\" alt=\"\" width=\"400\" height=\"392\" \/><img loading=\"lazy\" decoding=\"async\" class=\"aligncenter\" src=\"http:\/\/3.bp.blogspot.com\/-VkIWsK22QvE\/UH3YkXcvVvI\/AAAAAAAAETY\/suJswHv5fWw\/s400\/contrap.JPG\" alt=\"\" width=\"397\" height=\"400\" \/><\/p>\n<p>Boa noite, amigos cultos, ocultos e associados! Algu\u00e9m aqui j\u00e1 sentiu raiva de si mesmo, de se auto esgoelar, puto da vida por alguma burrada? Pois eu, vez por outra me sinto assim. Hoje, ent\u00e3o, nem se fala&#8230; Vesti uma cal\u00e7a com o bolso furado e j\u00e1 sabia. Coloquei por descuido as chaves do carro nesse bolso e adivinha o que aconteceu? Perdi a bendita da chave. Fui obrigado a deixar o carro na rua, longe de casa (uns 30 km) e voltar de \u00f4nibus. PQP! Que \u00f3dio isso me deu. Voltei para casa cuspindo marimbondo, puto comigo mesmo. Por estar t\u00e3o longe, preferi deixar o carro dormir na rua. Agora s\u00f3 amanh\u00e3&#8230; Para me acalmar, s\u00f3 mesmo ouvindo m\u00fasica. Como ainda n\u00e3o fiz a postagem do dia, vou aqui matando dois coelhos&#8230; e diluindo essa raiva.<\/p>\n<p>Vamos com o grande Abel Ferreira e seu conjunto, em um disco raro, lan\u00e7ado pelo selo Continental em 1958. Creio eu que este foi o primeiro lp de 12 polegadas gravado por ele. Aqui encontraremos um repert\u00f3rio bem aos moldes da \u00e9poca, recheado de sambas, choros e ritmos internacionais como a rumba, o fox e o bolero. Tudo seguindo a onda, m\u00fasica para dan\u00e7ar a dois. Mas, longe de ser apenas m\u00fasicas dan\u00e7antes, temos aqui um card\u00e1pio fino, incluindo tamb\u00e9m composi\u00e7\u00f5es do pr\u00f3prio Abel, como \u201cB\u00f4bo alegre\u201d; \u201cBai\u00e3o no deserto\u201d; \u201cRmbaraque\u201d e \u201cSempre voc\u00ea\u201d. Abel Ferreira, al\u00e9m de ser um grande instrumentista foi tamb\u00e9m um excelente compositor.<\/p>\n<p>Infelizmente, o estado f\u00edsico deste vinil, cheio de riscos e mais de 50 anos de poeira, me obrigou a dar um trato radical com o Sound Forge, ficando o som um pouco abafado. Mas melhor do que ficar ouvindo algo semelhante a uma panela de frituras. Do jeito que estou hoje, isso me d\u00e1 nos nervos!<\/p>\n<p>\u00c9 isso a\u00ed&#8230; vou anunciar, mas n\u00e3o vou dar o toque agora. Se segura malandro, pra ouvir s\u00f3 se for comentando \ud83d\ude09<\/p>\n<p align=\"center\">i only have eyes for you<\/p>\n<p align=\"center\">\u00e9 bom parar<\/p>\n<p align=\"center\">bai\u00e3o no deserto<\/p>\n<p align=\"center\">b\u00f4bo alegre<\/p>\n<p align=\"center\">rumbaraque<\/p>\n<p align=\"center\">besame mucho<\/p>\n<p align=\"center\">auf\u2019wiedersehn<\/p>\n<p align=\"center\">lamento<\/p>\n<p align=\"center\">quisera<\/p>\n<p align=\"center\">morena boca de ouro<\/p>\n<p align=\"center\">sempre voc\u00ea<\/p>\n<p align=\"center\">ai, que saudades da Am\u00e9lia<\/p>\n<p align=\"center\">\n<p align=\"center\">\n","protected":false},"excerpt":{"rendered":"<p>Boa noite, amigos cultos, ocultos e associados! Algu\u00e9m aqui j\u00e1 sentiu raiva de si mesmo, de se auto esgoelar, puto da vida por alguma burrada? Pois eu, vez por outra me sinto assim. Hoje, ent\u00e3o, nem se fala&#8230; Vesti uma &hellip; <a href=\"https:\/\/www.toque-musicall.com\/?p=2562\">Continue lendo <span class=\"meta-nav\">&rarr;<\/span><\/a><\/p>\n","protected":false},"author":1,"featured_media":0,"comment_status":"open","ping_status":"closed","sticky":false,"template":"","format":"standard","meta":{"footnotes":""},"categories":[125,152],"tags":[],"class_list":["post-2562","post","type-post","status-publish","format-standard","hentry","category-abel-ferreira","category-selo-copacabana"],"_links":{"self":[{"href":"https:\/\/www.toque-musicall.com\/index.php?rest_route=\/wp\/v2\/posts\/2562","targetHints":{"allow":["GET"]}}],"collection":[{"href":"https:\/\/www.toque-musicall.com\/index.php?rest_route=\/wp\/v2\/posts"}],"about":[{"href":"https:\/\/www.toque-musicall.com\/index.php?rest_route=\/wp\/v2\/types\/post"}],"author":[{"embeddable":true,"href":"https:\/\/www.toque-musicall.com\/index.php?rest_route=\/wp\/v2\/users\/1"}],"replies":[{"embeddable":true,"href":"https:\/\/www.toque-musicall.com\/index.php?rest_route=%2Fwp%2Fv2%2Fcomments&post=2562"}],"version-history":[{"count":1,"href":"https:\/\/www.toque-musicall.com\/index.php?rest_route=\/wp\/v2\/posts\/2562\/revisions"}],"predecessor-version":[{"id":2563,"href":"https:\/\/www.toque-musicall.com\/index.php?rest_route=\/wp\/v2\/posts\/2562\/revisions\/2563"}],"wp:attachment":[{"href":"https:\/\/www.toque-musicall.com\/index.php?rest_route=%2Fwp%2Fv2%2Fmedia&parent=2562"}],"wp:term":[{"taxonomy":"category","embeddable":true,"href":"https:\/\/www.toque-musicall.com\/index.php?rest_route=%2Fwp%2Fv2%2Fcategories&post=2562"},{"taxonomy":"post_tag","embeddable":true,"href":"https:\/\/www.toque-musicall.com\/index.php?rest_route=%2Fwp%2Fv2%2Ftags&post=2562"}],"curies":[{"name":"wp","href":"https:\/\/api.w.org\/{rel}","templated":true}]}}