{"id":257,"date":"2011-11-03T10:28:00","date_gmt":"2011-11-03T10:28:00","guid":{"rendered":"http:\/\/www.toque-musicall.com\/?p=257"},"modified":"2011-11-03T10:28:00","modified_gmt":"2011-11-03T10:28:00","slug":"tito-madi-de-amor-se-fala-1964","status":"publish","type":"post","link":"https:\/\/www.toque-musicall.com\/?p=257","title":{"rendered":"Tito Madi &#8211; De Amor Se Fala (1964)"},"content":{"rendered":"<p><a href=\"http:\/\/4.bp.blogspot.com\/-XvhW7tJnR7o\/TrJs-nh53pI\/AAAAAAAAAh0\/HAcZopQjdFw\/s1600\/tito+P.JPG\"><img decoding=\"async\" style=\"display: block; margin: 0px auto 10px; text-align: center; cursor: pointer; width: 400px; height: 394px;\" src=\"http:\/\/4.bp.blogspot.com\/-XvhW7tJnR7o\/TrJs-nh53pI\/AAAAAAAAAh0\/HAcZopQjdFw\/s400\/tito+P.JPG\" alt=\"\" id=\"BLOGGER_PHOTO_ID_5670714703831752338\" border=\"0\" \/><\/a>Bom tarde, amigos cultos e ocultos! Aproveitando a brecha do p\u00f3s almo\u00e7o, vamos n\u00f3s&#8230;<br \/>Hoje eu trago para voc\u00eas, e mais uma vez, o excelente Tito Madi. Tenho aqui um de seus melhores \u00e1lbuns, lan\u00e7ado em 1964. Foi o disco de estr\u00e9ia do cantor e compositor na Odeon. Um lp dos mais bacanas, que contou com a dire\u00e7\u00e3o musical, orquestra\u00e7\u00e3o e reg\u00eancia de Lyrio Panicalli, que por sua vez teve a assist\u00eancia o ent\u00e3o jovem Eumir Deodato. Eumir tamb\u00e9m participa do disco tocando org\u00e3o. No lp encontramos algumas m\u00fasicas que marcaram a carreira de Tito Madi. Ele regrava seu maior cl\u00e1ssico &#8220;Chove l\u00e1 fora&#8221;. Ficou mesmo muito boa a vers\u00e3o, mas, pessoalmente, prefiro a grava\u00e7\u00e3o e o arranjo da original. Outro destaque \u00e9 &#8220;Balan\u00e7o Zona Sul&#8221;, que viria a ser mais um de seus grandes sucessos.<\/p>\n<div style=\"text-align: center;\">ah! eu n\u00e3o sei<br \/>se meu cora\u00e7\u00e3o pedir<br \/>balan\u00e7o zona sul<br \/>final sem adeus<br \/>can\u00e7\u00e3o praieira<br \/>chove l\u00e1 fora<br \/>vai dizer adeus<br \/>garota paulista<br \/>rio triste<br \/>meu mar<br \/>de amor se fala<br \/>rio mo\u00e7o<\/p>\n<\/div>\n","protected":false},"excerpt":{"rendered":"<p>Bom tarde, amigos cultos e ocultos! Aproveitando a brecha do p\u00f3s almo\u00e7o, vamos n\u00f3s&#8230;Hoje eu trago para voc\u00eas, e mais uma vez, o excelente Tito Madi. Tenho aqui um de seus melhores \u00e1lbuns, lan\u00e7ado em 1964. Foi o disco de &hellip; <a href=\"https:\/\/www.toque-musicall.com\/?p=257\">Continue lendo <span class=\"meta-nav\">&rarr;<\/span><\/a><\/p>\n","protected":false},"author":1,"featured_media":0,"comment_status":"open","ping_status":"closed","sticky":false,"template":"","format":"standard","meta":{"footnotes":""},"categories":[86,89],"tags":[],"class_list":["post-257","post","type-post","status-publish","format-standard","hentry","category-selo-odeon","category-tito-madi"],"_links":{"self":[{"href":"https:\/\/www.toque-musicall.com\/index.php?rest_route=\/wp\/v2\/posts\/257","targetHints":{"allow":["GET"]}}],"collection":[{"href":"https:\/\/www.toque-musicall.com\/index.php?rest_route=\/wp\/v2\/posts"}],"about":[{"href":"https:\/\/www.toque-musicall.com\/index.php?rest_route=\/wp\/v2\/types\/post"}],"author":[{"embeddable":true,"href":"https:\/\/www.toque-musicall.com\/index.php?rest_route=\/wp\/v2\/users\/1"}],"replies":[{"embeddable":true,"href":"https:\/\/www.toque-musicall.com\/index.php?rest_route=%2Fwp%2Fv2%2Fcomments&post=257"}],"version-history":[{"count":0,"href":"https:\/\/www.toque-musicall.com\/index.php?rest_route=\/wp\/v2\/posts\/257\/revisions"}],"wp:attachment":[{"href":"https:\/\/www.toque-musicall.com\/index.php?rest_route=%2Fwp%2Fv2%2Fmedia&parent=257"}],"wp:term":[{"taxonomy":"category","embeddable":true,"href":"https:\/\/www.toque-musicall.com\/index.php?rest_route=%2Fwp%2Fv2%2Fcategories&post=257"},{"taxonomy":"post_tag","embeddable":true,"href":"https:\/\/www.toque-musicall.com\/index.php?rest_route=%2Fwp%2Fv2%2Ftags&post=257"}],"curies":[{"name":"wp","href":"https:\/\/api.w.org\/{rel}","templated":true}]}}