{"id":258,"date":"2011-11-02T12:09:00","date_gmt":"2011-11-02T12:09:00","guid":{"rendered":"http:\/\/www.toque-musicall.com\/?p=258"},"modified":"2011-11-02T12:09:00","modified_gmt":"2011-11-02T12:09:00","slug":"jose-tobias-poema-triste-1965","status":"publish","type":"post","link":"https:\/\/www.toque-musicall.com\/?p=258","title":{"rendered":"Jos\u00e9 Tobias &#8211; Poema Triste (1965)"},"content":{"rendered":"<p><a href=\"http:\/\/1.bp.blogspot.com\/-u8K5iyFO-gg\/TrEzhgIPEeI\/AAAAAAAAAho\/sFB30U3rSaU\/s1600\/capa+P.JPG\"><img decoding=\"async\" style=\"display:block; margin:0px auto 10px; text-align:center;cursor:pointer; cursor:hand;width: 400px; height: 393px;\" src=\"http:\/\/1.bp.blogspot.com\/-u8K5iyFO-gg\/TrEzhgIPEeI\/AAAAAAAAAho\/sFB30U3rSaU\/s400\/capa+P.JPG\" border=\"0\" alt=\"\" id=\"BLOGGER_PHOTO_ID_5670370056489341410\" \/><\/a>Muito bom dia, amigos cultos e ocultos. Hoje \u00e9 Dia de Finados e talvez, para muitos, n\u00e3o fosse apropriado falarmos de m\u00fasica. Muitos talvez prefiram o sil\u00eancio, um momento de reclus\u00e3o e respeito aos nossos que j\u00e1 se foram. Tamb\u00e9m compartilho desse momento, penso nos meus pais, irm\u00e3, tia, av\u00f3s e amigos. Mas procuro pensar n\u00e3o quando eles se foram, mas quando eles ainda estavam presentes em minha vida. Da\u00ed, n\u00e3o h\u00e1 tristeza. H\u00e1, sim, uma saudade e essa vem das boas lembran\u00e7as. Inevitavelmente, n\u00e3o h\u00e1 como desvincular, na nossa cultura, o dia de hoje com um sentimento de tristeza. Faz parte. Por essa raz\u00e3o, eu procurei trazer nesta postagem um disco com um esp\u00edrito mais contemplativo.<\/p>\n<div>&#8220;Poema Triste&#8221; foi um bel\u00edssimo trabalho lan\u00e7ado no in\u00edcio dos anos 60 pelo selo Audio Fidelity, trazendo o cantor e compositor Jos\u00e9 Tobias. Eis a\u00ed um nome que eu considero injusti\u00e7ado no cen\u00e1rio musical brasileiro. Pouco se ouve falar deste magn\u00edfico cantor, dono de uma voz \u00fanica. Jos\u00e9 Tobias surgiu nos anos 50, se apresentando na R\u00e1dio Jornal do Com\u00e9rcio de Recife. Pelas suas evidentes qualidades vocais encantou milhares de ouvintes, n\u00e3o demorando muito para ser apresentado tamb\u00e9m no Rio de Janeiro e S\u00e3o Paulo, onde seguiu carreira em diversas r\u00e1dios. Gravou tamb\u00e9m alguns discos nos anos 50. Muitas dessas m\u00fasicas, gravadas em discos de 78 rpm, vieram novamente a serem regravadas para este disco. Encontraremos no \u00e1lbum um repert\u00f3rio fino, como m\u00fasicas marcantes, algumas inclusive de autoria do pr\u00f3prio cantor.<\/div>\n<div>&#8220;Poema Triste&#8221; \u00e9 um disco que prima pela excel\u00eancia e qualidade, tendo um \u00f3timo cantor, rodeado por \u00f3timas m\u00fasicas. Para assim ser, s\u00f3 mesmo contando com um time de primeira de orquestradores, os maestros Ciro Pereira, Nelsinho, Lyrio Panicalli e Zico Mazag\u00e3o. Tudo isso gravado em alta fidelidade \ud83d\ude09<\/div>\n<div><\/div>\n<div style=\"text-align: center;\">negro<\/div>\n<div style=\"text-align: center;\">balada da solid\u00e3o<\/div>\n<div style=\"text-align: center;\">jangada<\/div>\n<div style=\"text-align: center;\">prel\u00fadio para ninar gente grande<\/div>\n<div style=\"text-align: center;\">rio triste<\/div>\n<div style=\"text-align: center;\">acau\u00e3<\/div>\n<div style=\"text-align: center;\">s\u00f3 voltou de madrugada<\/div>\n<div style=\"text-align: center;\">praia comprida<\/div>\n<div style=\"text-align: center;\">can\u00e7\u00e3o do esquecimento<\/div>\n<div style=\"text-align: center;\">vai poema triste<\/div>\n<div style=\"text-align: center;\">hoje \u00e9 domingo outra vez<\/div>\n<div style=\"text-align: center;\">despertar da montanha<\/div>\n<div style=\"text-align: center;\"><\/div>\n<div style=\"text-align: center;\"><\/div>\n","protected":false},"excerpt":{"rendered":"<p>Muito bom dia, amigos cultos e ocultos. Hoje \u00e9 Dia de Finados e talvez, para muitos, n\u00e3o fosse apropriado falarmos de m\u00fasica. Muitos talvez prefiram o sil\u00eancio, um momento de reclus\u00e3o e respeito aos nossos que j\u00e1 se foram. Tamb\u00e9m &hellip; <a href=\"https:\/\/www.toque-musicall.com\/?p=258\">Continue lendo <span class=\"meta-nav\">&rarr;<\/span><\/a><\/p>\n","protected":false},"author":1,"featured_media":0,"comment_status":"open","ping_status":"closed","sticky":false,"template":"","format":"standard","meta":{"footnotes":""},"categories":[91,455],"tags":[],"class_list":["post-258","post","type-post","status-publish","format-standard","hentry","category-jose-tobias","category-selo-audio-fidelity"],"_links":{"self":[{"href":"https:\/\/www.toque-musicall.com\/index.php?rest_route=\/wp\/v2\/posts\/258","targetHints":{"allow":["GET"]}}],"collection":[{"href":"https:\/\/www.toque-musicall.com\/index.php?rest_route=\/wp\/v2\/posts"}],"about":[{"href":"https:\/\/www.toque-musicall.com\/index.php?rest_route=\/wp\/v2\/types\/post"}],"author":[{"embeddable":true,"href":"https:\/\/www.toque-musicall.com\/index.php?rest_route=\/wp\/v2\/users\/1"}],"replies":[{"embeddable":true,"href":"https:\/\/www.toque-musicall.com\/index.php?rest_route=%2Fwp%2Fv2%2Fcomments&post=258"}],"version-history":[{"count":0,"href":"https:\/\/www.toque-musicall.com\/index.php?rest_route=\/wp\/v2\/posts\/258\/revisions"}],"wp:attachment":[{"href":"https:\/\/www.toque-musicall.com\/index.php?rest_route=%2Fwp%2Fv2%2Fmedia&parent=258"}],"wp:term":[{"taxonomy":"category","embeddable":true,"href":"https:\/\/www.toque-musicall.com\/index.php?rest_route=%2Fwp%2Fv2%2Fcategories&post=258"},{"taxonomy":"post_tag","embeddable":true,"href":"https:\/\/www.toque-musicall.com\/index.php?rest_route=%2Fwp%2Fv2%2Ftags&post=258"}],"curies":[{"name":"wp","href":"https:\/\/api.w.org\/{rel}","templated":true}]}}