{"id":2583,"date":"2012-10-21T23:29:51","date_gmt":"2012-10-21T23:29:51","guid":{"rendered":"http:\/\/www.toque-musicall.com\/?p=2583"},"modified":"2012-10-22T01:47:37","modified_gmt":"2012-10-22T01:47:37","slug":"aracy-de-almeida-ismael-silva-partido-alto-e-grupo-mensagem-show-samba-pede-passagem-1966","status":"publish","type":"post","link":"https:\/\/www.toque-musicall.com\/?p=2583","title":{"rendered":"Aracy de Almeida, Ismael Silva, Partido Alto E Grupo Mensagem &#8211; Show &#8220;Samba Pede Passagem&#8221; (1966)"},"content":{"rendered":"<p><img loading=\"lazy\" decoding=\"async\" class=\"aligncenter\" src=\"http:\/\/4.bp.blogspot.com\/-p8DTM_XWuJ4\/UISS1bKSJhI\/AAAAAAAAEYQ\/CfGSjsq-QdE\/s400\/capaP.JPG\" alt=\"\" width=\"400\" height=\"396\" \/><img loading=\"lazy\" decoding=\"async\" class=\"aligncenter\" src=\"http:\/\/2.bp.blogspot.com\/-JcVR_7DkeZE\/UISSuT659OI\/AAAAAAAAEYI\/geYDPGv8gzM\/s400\/contraP.JPG\" alt=\"\" width=\"400\" height=\"396\" \/><\/p>\n<p>Boa noite amigos cultos e ocultos! Aqui estamos n\u00f3s neste fim de domingo. O que era para sair logo pela manh\u00e3, acabou ficando para agora. Muito bem, hoje temos um disco nota 10. Um \u00e1lbum que merece constar na lista do Toque Musical.<\/p>\n<p>\u201cO Samba Pede Passagem\u201d \u00e9 um registro de alguns dos melhores momentos do espet\u00e1culo musical de Odulvaldo Vianna Filho e Armando Costa, montado pelo Grupo Opini\u00e3o no Teatro de Arena, em 1965. Encontraremos aqui um desfile de grandes nomes, a come\u00e7ar por Aracy de Almeida, Ismael Silva e MPB-4 e mais, Carlos Poyares; Conjunto Samba Aut\u00eantico, formado por integrantes de escolas de samba; Grupo Mensagem, com Sidney Miller e Luiz Carlos S\u00e1. Tem tamb\u00e9m o samba de partido alto com o grupo de Bidi (Cidad\u00e3o Samba de 66) e de quebra, o Regional de Canhoto. Como podemos ver, um encontro memor\u00e1vel, que mereceu ser registrado em disco. O disco inicia com a pol\u00eamica Wilson Batista vs. Noel Rosa, sendo as m\u00fasicas respectivamente interpretadas pelo MPB-4 e Aracy de Almeida. Na sequ\u00eancia vem o Isamel tamb\u00e9m com o MPB-4, cantado alguns de seus grandes sucessos. O samba pede passagem e vai novamente chamando Noel Rosa, com Aracy de Almeida. Segue o outro lado Carlos Poyares, MPB-4, Grupo Mensagem, Conjunto Samba Aut\u00eantico e os partideiros. Realmente, muito bom&#8230; N\u00e3o vou nem ficar chovendo no molhado. Mesmo assim, vou esperar at\u00e9 que algu\u00e9m pe\u00e7a o guarda chuva.<\/p>\n<p>&nbsp;<\/p>\n<p align=\"center\">A pol\u00eamica Wilson Batista vs. Noel Rosa:<\/p>\n<p align=\"center\"><em>len\u00e7o no pesco\u00e7o<\/em><\/p>\n<p align=\"center\"><em>deixa de arrastar<\/em><\/p>\n<p align=\"center\"><em>mocinho da vila<\/em><\/p>\n<p align=\"center\"><em>palpite infeliz<\/em><\/p>\n<p align=\"center\"><em>frankstein da vila<\/em><\/p>\n<p align=\"center\"><em>feiti\u00e7o da vila<\/em><\/p>\n<p align=\"center\">vem chegando ismael<\/p>\n<p align=\"center\">eu agrade\u00e7o \u2013 nem \u00e9 bom falar<\/p>\n<p align=\"center\">antonico<\/p>\n<p align=\"center\">aurora<\/p>\n<p align=\"center\">se eu precisar<\/p>\n<p align=\"center\">adeus&#8230; adeus&#8230;<\/p>\n<p align=\"center\">diga teu nome<\/p>\n<p align=\"center\">pra me livrar do mal<\/p>\n<p align=\"center\">se voc\u00ea jurar<\/p>\n<p align=\"center\">a raz\u00e3o d\u00e1-se a quem tem<\/p>\n<p align=\"center\">aracy contando sobre noel (mon\u00f3logo)<\/p>\n<p align=\"center\">tr\u00eas apitos<\/p>\n<p align=\"center\">fita amarela<\/p>\n<p align=\"center\">aracy conta a hist\u00f3ria de cecy (mon\u00f3logo)<\/p>\n<p align=\"center\">s\u00f3 pode ser voc\u00ea<\/p>\n<p align=\"center\">sonho de carnaval<\/p>\n<p align=\"center\">urubu malandro<\/p>\n<p align=\"center\">samba do povo<\/p>\n<p align=\"center\">homenagem a velha guarda<\/p>\n<p align=\"center\">brincadeira de angola<\/p>\n<p align=\"center\">arquitetura de pobre<\/p>\n<p align=\"center\">miss\u00e3o<\/p>\n<p align=\"center\">de babado<\/p>\n<p align=\"center\">\n","protected":false},"excerpt":{"rendered":"<p>Boa noite amigos cultos e ocultos! Aqui estamos n\u00f3s neste fim de domingo. O que era para sair logo pela manh\u00e3, acabou ficando para agora. Muito bem, hoje temos um disco nota 10. Um \u00e1lbum que merece constar na lista &hellip; <a href=\"https:\/\/www.toque-musicall.com\/?p=2583\">Continue lendo <span class=\"meta-nav\">&rarr;<\/span><\/a><\/p>\n","protected":false},"author":1,"featured_media":0,"comment_status":"open","ping_status":"closed","sticky":false,"template":"","format":"standard","meta":{"footnotes":""},"categories":[534,657,2058],"tags":[],"class_list":["post-2583","post","type-post","status-publish","format-standard","hentry","category-aracy-de-almeida","category-carlos-poyares","category-ismael-silva"],"_links":{"self":[{"href":"https:\/\/www.toque-musicall.com\/index.php?rest_route=\/wp\/v2\/posts\/2583","targetHints":{"allow":["GET"]}}],"collection":[{"href":"https:\/\/www.toque-musicall.com\/index.php?rest_route=\/wp\/v2\/posts"}],"about":[{"href":"https:\/\/www.toque-musicall.com\/index.php?rest_route=\/wp\/v2\/types\/post"}],"author":[{"embeddable":true,"href":"https:\/\/www.toque-musicall.com\/index.php?rest_route=\/wp\/v2\/users\/1"}],"replies":[{"embeddable":true,"href":"https:\/\/www.toque-musicall.com\/index.php?rest_route=%2Fwp%2Fv2%2Fcomments&post=2583"}],"version-history":[{"count":1,"href":"https:\/\/www.toque-musicall.com\/index.php?rest_route=\/wp\/v2\/posts\/2583\/revisions"}],"predecessor-version":[{"id":2584,"href":"https:\/\/www.toque-musicall.com\/index.php?rest_route=\/wp\/v2\/posts\/2583\/revisions\/2584"}],"wp:attachment":[{"href":"https:\/\/www.toque-musicall.com\/index.php?rest_route=%2Fwp%2Fv2%2Fmedia&parent=2583"}],"wp:term":[{"taxonomy":"category","embeddable":true,"href":"https:\/\/www.toque-musicall.com\/index.php?rest_route=%2Fwp%2Fv2%2Fcategories&post=2583"},{"taxonomy":"post_tag","embeddable":true,"href":"https:\/\/www.toque-musicall.com\/index.php?rest_route=%2Fwp%2Fv2%2Ftags&post=2583"}],"curies":[{"name":"wp","href":"https:\/\/api.w.org\/{rel}","templated":true}]}}