{"id":2589,"date":"2012-10-23T21:32:43","date_gmt":"2012-10-23T21:32:43","guid":{"rendered":"http:\/\/www.toque-musicall.com\/?p=2589"},"modified":"2012-10-23T21:32:43","modified_gmt":"2012-10-23T21:32:43","slug":"evinha-1970","status":"publish","type":"post","link":"https:\/\/www.toque-musicall.com\/?p=2589","title":{"rendered":"Evinha (1970)"},"content":{"rendered":"<div class=\"MsoNormal\" style=\"outline-style: none; outline-width: initial; outline-color: initial; padding: 0px; margin: 0px;\"><img loading=\"lazy\" decoding=\"async\" class=\"aligncenter\" src=\"http:\/\/1.bp.blogspot.com\/-AsGa6frxgrE\/UIcJgKTuAgI\/AAAAAAAAEaw\/qtWEKXoPxHk\/s400\/capap.JPG\" alt=\"\" width=\"400\" height=\"398\" \/><img loading=\"lazy\" decoding=\"async\" class=\"aligncenter\" src=\"http:\/\/1.bp.blogspot.com\/-IAZikdophWU\/UIcJYhoHyUI\/AAAAAAAAEao\/5XHnMCUAAhE\/s400\/evinha+(1)+p.JPG\" alt=\"\" width=\"397\" height=\"400\" \/>Ol\u00e1 amigos cultos e ocultos! Vou deixar de lado o \u2018associados\u2019, pois na verdade, tanto o culto quanto o oculto s\u00e3o geralmente associados. Ali\u00e1s, essa nossa \u2018associa\u00e7\u00e3o\u2019 est\u00e1 mais para tipos ocultos que cultos. Mas tudo bem. Enquanto eu estiver recebendo um \u2018feed back\u2019 as coisas seguem num ritmo. Dando uma limpeza no blog, descobri uma infinidade de \u2018spam\u2019 e outra mensagens que eu nunca cheguei a receber. O filtro deste blog \u00e9 poderoso. Fiquei surpreso ao ver centenas de mensagens de propagandas que foram enviadas nos \u00faltimos tempos. Haviam at\u00e9 coisas interessantes e coment\u00e1rios de solicitantes. Mas se ca\u00edram na pasta de spam, eu nem cheguei a ver. J\u00e1 vou at\u00e9 avisando, se enviarem mensagens nos Coment\u00e1rios onde tenham palavras chaves, tipo &#8216;http:\/\/&#8217;, &#8216;casino&#8217;, &#8216;sex&#8217;, &#8216;viagra&#8217; e outros da mesma natureza &#8211; estar\u00e3o perdendo tempo, pois ser\u00e1 entendido como &#8216;spam&#8217;.<\/div>\n<div class=\"MsoNormal\" style=\"outline-style: none; outline-width: initial; outline-color: initial; padding: 0px; margin: 0px;\">Hoje n\u00f3s iremos com a Evinha. Lembram dela? Claro que sim. Todos lembram, exceto eu que ao ouvi-la durante a digitaliza\u00e7\u00e3o deste disco ainda n\u00e3o havia percebido a grande cantora que ela \u00e9. Realmente, n\u00e3o foi por sorte ou acaso que ela foi recrutada por Paul Mauriat, se tornando uma esp\u00e9cie de \u2018crooner\u2019 de sua orquestra. T\u00e1 sumida. H\u00e1 tempos n\u00e3o escuto falar dela, mas tenho certeza que se fizer uma busca no Google vou encontrar respostas r\u00e1pidas. Mesmo assim, prefiro deixar a pergunta em aberto, na expectativa de que os amigos participem mais nos coment\u00e1rios.<\/div>\n<div class=\"MsoNormal\" style=\"outline-style: none; outline-width: initial; outline-color: initial; padding: 0px; margin: 0px;\">O presente \u00e1lbum da Evinha \u00e9 talvez um dos seus melhores trabalhos. Um disco recheado de boas m\u00fasicas que marcaram uma \u00e9poca. Gostaria tamb\u00e9m de destacar a interpreta\u00e7\u00e3o da cantora na m\u00fasica \u201cSomething\u201d, de George Harrison, onde ela nos mostra o tamanho de sua versatilidade vocal. Lan\u00e7ado em 1970, este foi o seu segundo disco solo. Como todos devem saber, Evinha fazia parte do Trio Esperan\u00e7a. Iremos encontrar aqui as seguintes can\u00e7\u00f5es:<\/div>\n<div class=\"MsoNormal\" style=\"outline-style: none; outline-width: initial; outline-color: initial; padding: 0px; margin: 0px;\"><\/div>\n<div class=\"MsoNormal\" style=\"outline-style: none; outline-width: initial; outline-color: initial; text-align: center; padding: 0px; margin: 0px;\" align=\"center\">tema de eva<\/div>\n<div class=\"MsoNormal\" style=\"outline-style: none; outline-width: initial; outline-color: initial; text-align: center; padding: 0px; margin: 0px;\" align=\"center\">something<\/div>\n<div class=\"MsoNormal\" style=\"outline-style: none; outline-width: initial; outline-color: initial; text-align: center; padding: 0px; margin: 0px;\" align=\"center\">agora<\/div>\n<div class=\"MsoNormal\" style=\"outline-style: none; outline-width: initial; outline-color: initial; text-align: center; padding: 0px; margin: 0px;\" align=\"center\">at\u00e9 outro dia<\/div>\n<div class=\"MsoNormal\" style=\"outline-style: none; outline-width: initial; outline-color: initial; text-align: center; padding: 0px; margin: 0px;\" align=\"center\">cavaleiro de papel crepon<\/div>\n<div class=\"MsoNormal\" style=\"outline-style: none; outline-width: initial; outline-color: initial; text-align: center; padding: 0px; margin: 0px;\" align=\"center\">pense duas vezes<\/div>\n<div class=\"MsoNormal\" style=\"outline-style: none; outline-width: initial; outline-color: initial; text-align: center; padding: 0px; margin: 0px;\" align=\"center\">abrace paul mccartney por mim<\/div>\n<div class=\"MsoNormal\" style=\"outline-style: none; outline-width: initial; outline-color: initial; text-align: center; padding: 0px; margin: 0px;\" align=\"center\">setembro<\/div>\n<div class=\"MsoNormal\" style=\"outline-style: none; outline-width: initial; outline-color: initial; text-align: center; padding: 0px; margin: 0px;\" align=\"center\">em transito<\/div>\n<div class=\"MsoNormal\" style=\"outline-style: none; outline-width: initial; outline-color: initial; text-align: center; padding: 0px; margin: 0px;\" align=\"center\">pela cidade<\/div>\n<div class=\"MsoNormal\" style=\"outline-style: none; outline-width: initial; outline-color: initial; text-align: center; padding: 0px; margin: 0px;\" align=\"center\">meu rumo<\/div>\n<div class=\"MsoNormal\" style=\"outline-style: none; outline-width: initial; outline-color: initial; text-align: center; padding: 0px; margin: 0px;\" align=\"center\"><\/div>\n","protected":false},"excerpt":{"rendered":"<p>Ol\u00e1 amigos cultos e ocultos! Vou deixar de lado o \u2018associados\u2019, pois na verdade, tanto o culto quanto o oculto s\u00e3o geralmente associados. Ali\u00e1s, essa nossa \u2018associa\u00e7\u00e3o\u2019 est\u00e1 mais para tipos ocultos que cultos. Mas tudo bem. Enquanto eu estiver &hellip; <a href=\"https:\/\/www.toque-musicall.com\/?p=2589\">Continue lendo <span class=\"meta-nav\">&rarr;<\/span><\/a><\/p>\n","protected":false},"author":1,"featured_media":0,"comment_status":"open","ping_status":"closed","sticky":false,"template":"","format":"standard","meta":{"footnotes":""},"categories":[2064,86],"tags":[],"class_list":["post-2589","post","type-post","status-publish","format-standard","hentry","category-evinha","category-selo-odeon"],"_links":{"self":[{"href":"https:\/\/www.toque-musicall.com\/index.php?rest_route=\/wp\/v2\/posts\/2589","targetHints":{"allow":["GET"]}}],"collection":[{"href":"https:\/\/www.toque-musicall.com\/index.php?rest_route=\/wp\/v2\/posts"}],"about":[{"href":"https:\/\/www.toque-musicall.com\/index.php?rest_route=\/wp\/v2\/types\/post"}],"author":[{"embeddable":true,"href":"https:\/\/www.toque-musicall.com\/index.php?rest_route=\/wp\/v2\/users\/1"}],"replies":[{"embeddable":true,"href":"https:\/\/www.toque-musicall.com\/index.php?rest_route=%2Fwp%2Fv2%2Fcomments&post=2589"}],"version-history":[{"count":2,"href":"https:\/\/www.toque-musicall.com\/index.php?rest_route=\/wp\/v2\/posts\/2589\/revisions"}],"predecessor-version":[{"id":2591,"href":"https:\/\/www.toque-musicall.com\/index.php?rest_route=\/wp\/v2\/posts\/2589\/revisions\/2591"}],"wp:attachment":[{"href":"https:\/\/www.toque-musicall.com\/index.php?rest_route=%2Fwp%2Fv2%2Fmedia&parent=2589"}],"wp:term":[{"taxonomy":"category","embeddable":true,"href":"https:\/\/www.toque-musicall.com\/index.php?rest_route=%2Fwp%2Fv2%2Fcategories&post=2589"},{"taxonomy":"post_tag","embeddable":true,"href":"https:\/\/www.toque-musicall.com\/index.php?rest_route=%2Fwp%2Fv2%2Ftags&post=2589"}],"curies":[{"name":"wp","href":"https:\/\/api.w.org\/{rel}","templated":true}]}}