{"id":260,"date":"2011-10-31T09:15:00","date_gmt":"2011-10-31T09:15:00","guid":{"rendered":"http:\/\/www.toque-musicall.com\/?p=260"},"modified":"2011-10-31T09:15:00","modified_gmt":"2011-10-31T09:15:00","slug":"veu-de-noiva-trilha-original-da-novela-1969","status":"publish","type":"post","link":"https:\/\/www.toque-musicall.com\/?p=260","title":{"rendered":"V\u00e9u De Noiva &#8211; Trilha Original Da Novela (1969)"},"content":{"rendered":"<p><a href=\"http:\/\/1.bp.blogspot.com\/-O9PVr7-TMCk\/Tq5noaNv7SI\/AAAAAAAAAhQ\/XBfxdYLyxfQ\/s1600\/veu+de+noiva+P.JPG\"><img decoding=\"async\" style=\"display:block; margin:0px auto 10px; text-align:center;cursor:pointer; cursor:hand;width: 397px; height: 400px;\" src=\"http:\/\/1.bp.blogspot.com\/-O9PVr7-TMCk\/Tq5noaNv7SI\/AAAAAAAAAhQ\/XBfxdYLyxfQ\/s400\/veu+de+noiva+P.JPG\" border=\"0\" alt=\"\" id=\"BLOGGER_PHOTO_ID_5669582924835450146\" \/><\/a>Bom dia, amigos cultos e ocultos! Entre tantos temas e trilhas postados aqui no Toque Musical, um disco que eu sempre pensei em postar foi este da trilha da novela da Rede Globo, &#8220;V\u00e9u de Noiva&#8221;. Da novela eu n\u00e3o me lembro, mas a sua trilha \u00e9 inesquec\u00edvel. Isso, para mim, se deve ao fato de que naqueles tempos as trilhas eram feitas exclusivamente para as novelas. Era um trabalho dedicado e primoroso, de identifica\u00e7\u00e3o imediata com seus personagens ou a\u00e7\u00e3o. Para compor temas com esse conceito, s\u00f3 mesmo recrutando artistas e compositores talentosos. Embora eu n\u00e3o assista \u00e0 novela, sei que as de hoje em dia, somente os temas de abertura s\u00e3o realmente valorizados, as vezes oficiais. As demais, acabam entrando na trilha por conveni\u00eancia, jab\u00e1s, oportuni$mo e outras incompet\u00eancias, t\u00edpicas das novas ger\u00eancias, que de m\u00fasica n\u00e3o entendem nada.<\/p>\n<div>Em &#8220;V\u00e9u de Noiva&#8221;, novela de Janet Clair, encontraremos um excelente exemplo de trilha sonora. M\u00fasicas perfeitas, valorizando os temas instrumentais. As m\u00fasicas cantadas foram escolhidas a dedo, dentro de uma sintonia com o drama. Tamb\u00e9m, nessa \u00e9poca, quem estava por tr\u00e1s da produ\u00e7\u00e3o era gente competente, era o Nelson Motta. Podemos encontrar aqui p\u00e9rolas como &#8220;Teletema&#8221;, de Tib\u00e9rio Gaspar e Antonio Adolfo; &#8220;Tema de Luciano&#8221;, de Cesar Camargo Mariano (interpretada aqui por Luiz E\u00e7a); a bel\u00edssima &#8220;Azimuth&#8221;, de Marcos Valle e Novelli&#8230; Putz, s\u00f3 music\u00e3o! Segue a baixo a rela\u00e7\u00e3o de todas elas. Quem ainda n\u00e3o ouviu essa trilha, n\u00e3o sabe o que est\u00e1 perdendo. Ta\u00ed mais uma chance&#8230;<\/div>\n<div><\/div>\n<div style=\"text-align: center;\">tema de luciano &#8211; luiz e\u00e7a<\/div>\n<div style=\"text-align: center;\">tele tema (tema de amor) &#8211; regininha<\/div>\n<div style=\"text-align: center;\">azimuth (mil milhas) &#8211; apolo IV<\/div>\n<div style=\"text-align: center;\">gente humilde &#8211; m\u00e1rcia<\/div>\n<div style=\"text-align: center;\">depois da queda (tema de flor) &#8211; roberto menescal<\/div>\n<div style=\"text-align: center;\">irene &#8211; elis regina<\/div>\n<div style=\"text-align: center;\">andr\u00e9a &#8211; joyce<\/div>\n<div style=\"text-align: center;\">azimuth (tema de marcelo) &#8211; apolo IV<\/div>\n<div style=\"text-align: center;\">teletema (tema de amor) &#8211; regininha e la\u00e9rcio<\/div>\n<div style=\"text-align: center;\">irene &#8211; wilson das neves<\/div>\n<div style=\"text-align: center;\">abertura &#8211; the youngsters<\/div>\n<div style=\"text-align: center;\">teletema (tema de amor) &#8211; claudio roditi<\/div>\n<div style=\"text-align: center;\"><\/div>\n<div style=\"text-align: center;\"><\/div>\n","protected":false},"excerpt":{"rendered":"<p>Bom dia, amigos cultos e ocultos! Entre tantos temas e trilhas postados aqui no Toque Musical, um disco que eu sempre pensei em postar foi este da trilha da novela da Rede Globo, &#8220;V\u00e9u de Noiva&#8221;. Da novela eu n\u00e3o &hellip; <a href=\"https:\/\/www.toque-musicall.com\/?p=260\">Continue lendo <span class=\"meta-nav\">&rarr;<\/span><\/a><\/p>\n","protected":false},"author":1,"featured_media":0,"comment_status":"open","ping_status":"closed","sticky":false,"template":"","format":"standard","meta":{"footnotes":""},"categories":[459,48,346],"tags":[],"class_list":["post-260","post","type-post","status-publish","format-standard","hentry","category-novela-veu-de-noiva","category-selo-philips","category-trilhas"],"_links":{"self":[{"href":"https:\/\/www.toque-musicall.com\/index.php?rest_route=\/wp\/v2\/posts\/260","targetHints":{"allow":["GET"]}}],"collection":[{"href":"https:\/\/www.toque-musicall.com\/index.php?rest_route=\/wp\/v2\/posts"}],"about":[{"href":"https:\/\/www.toque-musicall.com\/index.php?rest_route=\/wp\/v2\/types\/post"}],"author":[{"embeddable":true,"href":"https:\/\/www.toque-musicall.com\/index.php?rest_route=\/wp\/v2\/users\/1"}],"replies":[{"embeddable":true,"href":"https:\/\/www.toque-musicall.com\/index.php?rest_route=%2Fwp%2Fv2%2Fcomments&post=260"}],"version-history":[{"count":0,"href":"https:\/\/www.toque-musicall.com\/index.php?rest_route=\/wp\/v2\/posts\/260\/revisions"}],"wp:attachment":[{"href":"https:\/\/www.toque-musicall.com\/index.php?rest_route=%2Fwp%2Fv2%2Fmedia&parent=260"}],"wp:term":[{"taxonomy":"category","embeddable":true,"href":"https:\/\/www.toque-musicall.com\/index.php?rest_route=%2Fwp%2Fv2%2Fcategories&post=260"},{"taxonomy":"post_tag","embeddable":true,"href":"https:\/\/www.toque-musicall.com\/index.php?rest_route=%2Fwp%2Fv2%2Ftags&post=260"}],"curies":[{"name":"wp","href":"https:\/\/api.w.org\/{rel}","templated":true}]}}