{"id":261,"date":"2011-10-31T00:28:00","date_gmt":"2011-10-31T00:28:00","guid":{"rendered":"http:\/\/www.toque-musicall.com\/?p=261"},"modified":"2012-10-19T09:44:12","modified_gmt":"2012-10-19T09:44:12","slug":"vesperal-dancante-columbia-vol-2-1956","status":"publish","type":"post","link":"https:\/\/www.toque-musicall.com\/?p=261","title":{"rendered":"Vesperal Dan\u00e7ante Columbia Vol. 2 (1956)"},"content":{"rendered":"<p><a href=\"http:\/\/2.bp.blogspot.com\/-m4pMN3vtOIw\/Tq3r8k5M0HI\/AAAAAAAAAhE\/0FPQawxWbRw\/s1600\/vesperal++P.JPG\"><img decoding=\"async\" id=\"BLOGGER_PHOTO_ID_5669446931857592434\" style=\"display: block; margin: 0px auto 10px; text-align: center; cursor: hand; width: 398px; height: 400px;\" src=\"http:\/\/2.bp.blogspot.com\/-m4pMN3vtOIw\/Tq3r8k5M0HI\/AAAAAAAAAhE\/0FPQawxWbRw\/s400\/vesperal++P.JPG\" alt=\"\" border=\"0\" \/><\/a>Olha eu aqui de novo! Por essa ningu\u00e9m esperava, n\u00e3o \u00e9 mesmo? Pois \u00e9, acho que ainda h\u00e1 tempo de uma vesperal dan\u00e7ante. Sinceramente, n\u00e3o fiquei satisfeito&#8230; Resolvi incluir mais um disquinho da mesma safra. Temos aqui uma colet\u00e2nea da gravadora Columbia, reunindo seis de seus artistas: Maranh\u00e3o, Carlinhos, Ribamar, Luizinho, Indio e Nestor Campos. Essas grava\u00e7\u00f5es, certamente, foram extra\u00eddas de bolachas de 78 rpm e mais certo ainda, nunca vieram novamente \u00e0 p\u00fablico. A s\u00e9rie &#8220;Vesperal Dan\u00e7ante Columbia&#8221;, em tr\u00eas volumes, foi lan\u00e7ada em 1956. Estou atr\u00e1s do volume 3, se algu\u00e9m souber ou tiver para me enviar, eu agrade\u00e7o. \ud83d\ude42<\/p>\n<div style=\"text-align: center;\"><\/div>\n<div style=\"text-align: center;\">sh-boom &#8211; maranh\u00e3o<\/div>\n<div style=\"text-align: center;\">n\u00f3s tr\u00eas &#8211; ribamar<\/div>\n<div style=\"text-align: center;\">ref\u00fagio &#8211; luizinho<\/div>\n<div>\n<div style=\"text-align: center;\">contigo &#8211; carlinhos<\/div>\n<div style=\"text-align: center;\">juca &#8211; carlinhos<\/div>\n<\/div>\n<div style=\"text-align: center;\">\u00e9 t\u00e3o gostoso, seu mo\u00e7o &#8211; maranh\u00e3o<\/div>\n<div style=\"text-align: center;\">araponga &#8211; \u00edndio<\/div>\n<div style=\"text-align: center;\">as lavadeiras &#8211; nestro campos<\/div>\n<div style=\"text-align: center;\"><\/div>\n<div style=\"text-align: center;\"><\/div>\n<div style=\"text-align: center;\"><\/div>\n","protected":false},"excerpt":{"rendered":"<p>Olha eu aqui de novo! Por essa ningu\u00e9m esperava, n\u00e3o \u00e9 mesmo? Pois \u00e9, acho que ainda h\u00e1 tempo de uma vesperal dan\u00e7ante. Sinceramente, n\u00e3o fiquei satisfeito&#8230; Resolvi incluir mais um disquinho da mesma safra. Temos aqui uma colet\u00e2nea da &hellip; <a href=\"https:\/\/www.toque-musicall.com\/?p=261\">Continue lendo <span class=\"meta-nav\">&rarr;<\/span><\/a><\/p>\n","protected":false},"author":1,"featured_media":0,"comment_status":"open","ping_status":"closed","sticky":false,"template":"","format":"standard","meta":{"footnotes":""},"categories":[269,460],"tags":[],"class_list":["post-261","post","type-post","status-publish","format-standard","hentry","category-selo-columbia","category-vesperal-dancante-columbia-vol-2"],"_links":{"self":[{"href":"https:\/\/www.toque-musicall.com\/index.php?rest_route=\/wp\/v2\/posts\/261","targetHints":{"allow":["GET"]}}],"collection":[{"href":"https:\/\/www.toque-musicall.com\/index.php?rest_route=\/wp\/v2\/posts"}],"about":[{"href":"https:\/\/www.toque-musicall.com\/index.php?rest_route=\/wp\/v2\/types\/post"}],"author":[{"embeddable":true,"href":"https:\/\/www.toque-musicall.com\/index.php?rest_route=\/wp\/v2\/users\/1"}],"replies":[{"embeddable":true,"href":"https:\/\/www.toque-musicall.com\/index.php?rest_route=%2Fwp%2Fv2%2Fcomments&post=261"}],"version-history":[{"count":1,"href":"https:\/\/www.toque-musicall.com\/index.php?rest_route=\/wp\/v2\/posts\/261\/revisions"}],"predecessor-version":[{"id":2573,"href":"https:\/\/www.toque-musicall.com\/index.php?rest_route=\/wp\/v2\/posts\/261\/revisions\/2573"}],"wp:attachment":[{"href":"https:\/\/www.toque-musicall.com\/index.php?rest_route=%2Fwp%2Fv2%2Fmedia&parent=261"}],"wp:term":[{"taxonomy":"category","embeddable":true,"href":"https:\/\/www.toque-musicall.com\/index.php?rest_route=%2Fwp%2Fv2%2Fcategories&post=261"},{"taxonomy":"post_tag","embeddable":true,"href":"https:\/\/www.toque-musicall.com\/index.php?rest_route=%2Fwp%2Fv2%2Ftags&post=261"}],"curies":[{"name":"wp","href":"https:\/\/api.w.org\/{rel}","templated":true}]}}