{"id":2616,"date":"2012-10-27T20:41:23","date_gmt":"2012-10-27T20:41:23","guid":{"rendered":"http:\/\/www.toque-musicall.com\/?p=2616"},"modified":"2012-10-29T00:17:07","modified_gmt":"2012-10-29T00:17:07","slug":"joao-dias-mais-moderno-mai-romanticos-1968","status":"publish","type":"post","link":"https:\/\/www.toque-musicall.com\/?p=2616","title":{"rendered":"Jo\u00e3o Dias &#8211; Mais Moderno &#038; Mais Rom\u00e2ntico (1968)"},"content":{"rendered":"<p><img loading=\"lazy\" decoding=\"async\" class=\"aligncenter\" src=\"http:\/\/4.bp.blogspot.com\/-J98eObBxVYY\/UIyKinH-UhI\/AAAAAAAAEfA\/TKnNm8GDGsc\/s400\/joao+dias+fp.JPG\" alt=\"\" width=\"400\" height=\"400\" \/><img loading=\"lazy\" decoding=\"async\" class=\"aligncenter\" src=\"http:\/\/2.bp.blogspot.com\/-T_0rh8PyqRw\/UIyKdTLKtpI\/AAAAAAAAEe4\/EyrHL_UzN1E\/s400\/joao+dias+bp.JPG\" alt=\"\" width=\"394\" height=\"400\" \/><\/p>\n<p>Boa noite, prezados amigos cultos e ocultos! O calor por aqui est\u00e1 pegando. N\u00e3o consigo ficar muito tempo na frente do computador, parece que o calor aumenta. Estou doido para sair e tomar uma cerveja. Hoje t\u00e1 valendo \ud83d\ude42<\/p>\n<p>Antes, por\u00e9m, deixo aqui mais um disquinho para quem escuta m\u00fasica com outros olhos. Este eu escolhi no acaso. Vamos com o cantor Jo\u00e3o Dias. Lembram-se dele? Com certeza muitos aqui devem lembrar. Foi descoberto por Francisco Alves no final dos anos 40 e o levou para gravar no Rio de Janeiro. A d\u00e9cada seguinte foi seu per\u00edodo de maior atua\u00e7\u00e3o. Gravou diversos discos em 78 rpm e emplacou outros tantos sucessos. Na d\u00e9cada de 60 passou a gravar em dueto com a Dalva de Oliveira. Esteve tamb\u00e9m nessa \u00e9poca envolvido com em associa\u00e7\u00f5es de prote\u00e7\u00e3o ao direito dos compositores e int\u00e9rpretes. Ao que parece, deixou de gravar na d\u00e9cada seguinte. \u201cMais rom\u00e2ntico e mais moderno\u201d, acho que foi um de seus \u00faltimos trabalhos. Na verdade eu at\u00e9 j\u00e1 postei dele aqui <a href=\"https:\/\/www.toque-musicall.com\/?p=1214\">um outro disco, de 1979<\/a>, interpretando can\u00e7\u00f5es de Adelino Moreira e Lupic\u00ednio Rodrigues. Neste, lan\u00e7ado em 68 pela Odeon, temos o cantor interpretando uma leva de vers\u00f5es da m\u00fasica rom\u00e2ntica internacional. Vamos conferir?<\/p>\n<p align=\"center\">la la la<\/p>\n<p align=\"center\">o meu lugar<\/p>\n<p align=\"center\">meu mundo<\/p>\n<p align=\"center\">leila<\/p>\n<p align=\"center\">a cerca<\/p>\n<p align=\"center\">novamente livre<\/p>\n<p align=\"center\">perdido pela noite<\/p>\n<p align=\"center\">a fonte<\/p>\n<p align=\"center\">tem que ser ela<\/p>\n<p align=\"center\">longe do mundo<\/p>\n<p align=\"center\">tonto<\/p>\n<p align=\"center\">uma casa sobre o mundo<\/p>\n<p align=\"center\">\n","protected":false},"excerpt":{"rendered":"<p>Boa noite, prezados amigos cultos e ocultos! O calor por aqui est\u00e1 pegando. N\u00e3o consigo ficar muito tempo na frente do computador, parece que o calor aumenta. Estou doido para sair e tomar uma cerveja. Hoje t\u00e1 valendo \ud83d\ude42 Antes, &hellip; <a href=\"https:\/\/www.toque-musicall.com\/?p=2616\">Continue lendo <span class=\"meta-nav\">&rarr;<\/span><\/a><\/p>\n","protected":false},"author":1,"featured_media":0,"comment_status":"open","ping_status":"closed","sticky":false,"template":"","format":"standard","meta":{"footnotes":""},"categories":[1459],"tags":[],"class_list":["post-2616","post","type-post","status-publish","format-standard","hentry","category-joao-dias"],"_links":{"self":[{"href":"https:\/\/www.toque-musicall.com\/index.php?rest_route=\/wp\/v2\/posts\/2616","targetHints":{"allow":["GET"]}}],"collection":[{"href":"https:\/\/www.toque-musicall.com\/index.php?rest_route=\/wp\/v2\/posts"}],"about":[{"href":"https:\/\/www.toque-musicall.com\/index.php?rest_route=\/wp\/v2\/types\/post"}],"author":[{"embeddable":true,"href":"https:\/\/www.toque-musicall.com\/index.php?rest_route=\/wp\/v2\/users\/1"}],"replies":[{"embeddable":true,"href":"https:\/\/www.toque-musicall.com\/index.php?rest_route=%2Fwp%2Fv2%2Fcomments&post=2616"}],"version-history":[{"count":6,"href":"https:\/\/www.toque-musicall.com\/index.php?rest_route=\/wp\/v2\/posts\/2616\/revisions"}],"predecessor-version":[{"id":2624,"href":"https:\/\/www.toque-musicall.com\/index.php?rest_route=\/wp\/v2\/posts\/2616\/revisions\/2624"}],"wp:attachment":[{"href":"https:\/\/www.toque-musicall.com\/index.php?rest_route=%2Fwp%2Fv2%2Fmedia&parent=2616"}],"wp:term":[{"taxonomy":"category","embeddable":true,"href":"https:\/\/www.toque-musicall.com\/index.php?rest_route=%2Fwp%2Fv2%2Fcategories&post=2616"},{"taxonomy":"post_tag","embeddable":true,"href":"https:\/\/www.toque-musicall.com\/index.php?rest_route=%2Fwp%2Fv2%2Ftags&post=2616"}],"curies":[{"name":"wp","href":"https:\/\/api.w.org\/{rel}","templated":true}]}}