{"id":2622,"date":"2012-10-29T00:16:04","date_gmt":"2012-10-29T00:16:04","guid":{"rendered":"http:\/\/www.toque-musicall.com\/?p=2622"},"modified":"2012-10-29T00:16:04","modified_gmt":"2012-10-29T00:16:04","slug":"candeia-seguinte-raiz-candeia-1971","status":"publish","type":"post","link":"https:\/\/www.toque-musicall.com\/?p=2622","title":{"rendered":"Candeia &#8211; Seguinte&#8230;: Raiz Candeia (1971)"},"content":{"rendered":"<p><img loading=\"lazy\" decoding=\"async\" class=\"aligncenter\" src=\"http:\/\/4.bp.blogspot.com\/-Hs6JLMjy7HQ\/UI2qOfa5-kI\/AAAAAAAAEgA\/SxTdCKIqUu8\/s400\/capa+candeia+FP.JPG\" alt=\"\" width=\"398\" height=\"400\" \/><img loading=\"lazy\" decoding=\"async\" class=\"aligncenter\" src=\"http:\/\/2.bp.blogspot.com\/-YAeytJq096Q\/UI2qK_hqR8I\/AAAAAAAAEf4\/nMQj83FkUxE\/s400\/contacandeiaP.JPG\" alt=\"\" width=\"399\" height=\"400\" \/><\/p>\n<p>Boa noite, amigos cultos e ocultos! N\u00e3o sei como anda a temperatura a\u00ed para o lado de voc\u00eas, mas por aqui t\u00e1 bravo! S\u00f3 gosto dessa temperatura quando estou de f\u00e9rias e preferencialmente na praia, tomando uma gelada.<\/p>\n<p>Hoje o nosso toque musical \u00e9 de samba. Samba de raiz. Samba de Candeia. Mais uma vez temos o prazer de ter em nosso blog o grande sambista Antonio Candeia. Trago para voc\u00eas um disco at\u00e9 j\u00e1 bem rodado em outros blogs. Mesmo assim, fa\u00e7o quest\u00e3o de t\u00ea-lo tamb\u00e9m em nossa lista de toques musicais. O presente lp foi lan\u00e7ado em 1971. Uma das excelentes produ\u00e7\u00f5es de Oswaldo Cadaxo e seu selo Equipe. Este \u00e1lbum voltaria a ser relan\u00e7ado em 1976 com o nome de \u201cFilosofia do Samba\u201d, tendo inclusive alterada a ordem original das faixas. Saiu pelo selo Padr\u00e3o com algumas altera\u00e7\u00f5es tamb\u00e9m na capa. Foi lan\u00e7ado tamb\u00e9m em cd, caso algu\u00e9m aqui esteja interessado. Trata-se de um disco cl\u00e1ssico de samba. Sua audi\u00e7\u00e3o \u00e9 obrigat\u00f3ria! V\u00e3o da\u00ed que eu de c\u00e1 vou tamb\u00e9m&#8230; tomar mais uma Becker da s\u00e9rie 3 Lobos. B\u00e3o demais!<\/p>\n<p align=\"center\">vem \u00e9 lua<\/p>\n<p align=\"center\">filosofia do samba<\/p>\n<p align=\"center\">silencia tamborim<\/p>\n<p align=\"center\">saudade<\/p>\n<p align=\"center\">hora e a vez do samba<\/p>\n<p align=\"center\">sauda\u00e7\u00e3o a t\u00f4co preto<\/p>\n<p align=\"center\">vai pro lado de l\u00e1<\/p>\n<p align=\"center\">regresso<\/p>\n<p align=\"center\">de qualquer maneira<\/p>\n<p align=\"center\">imagina\u00e7\u00e3o<\/p>\n<p align=\"center\">minhas madrugadas<\/p>\n<p align=\"center\">quarto escuro<\/p>\n<p align=\"center\">\n","protected":false},"excerpt":{"rendered":"<p>Boa noite, amigos cultos e ocultos! N\u00e3o sei como anda a temperatura a\u00ed para o lado de voc\u00eas, mas por aqui t\u00e1 bravo! S\u00f3 gosto dessa temperatura quando estou de f\u00e9rias e preferencialmente na praia, tomando uma gelada. Hoje o &hellip; <a href=\"https:\/\/www.toque-musicall.com\/?p=2622\">Continue lendo <span class=\"meta-nav\">&rarr;<\/span><\/a><\/p>\n","protected":false},"author":1,"featured_media":0,"comment_status":"open","ping_status":"closed","sticky":false,"template":"","format":"standard","meta":{"footnotes":""},"categories":[1079,275],"tags":[],"class_list":["post-2622","post","type-post","status-publish","format-standard","hentry","category-candeia","category-selo-equipe"],"_links":{"self":[{"href":"https:\/\/www.toque-musicall.com\/index.php?rest_route=\/wp\/v2\/posts\/2622","targetHints":{"allow":["GET"]}}],"collection":[{"href":"https:\/\/www.toque-musicall.com\/index.php?rest_route=\/wp\/v2\/posts"}],"about":[{"href":"https:\/\/www.toque-musicall.com\/index.php?rest_route=\/wp\/v2\/types\/post"}],"author":[{"embeddable":true,"href":"https:\/\/www.toque-musicall.com\/index.php?rest_route=\/wp\/v2\/users\/1"}],"replies":[{"embeddable":true,"href":"https:\/\/www.toque-musicall.com\/index.php?rest_route=%2Fwp%2Fv2%2Fcomments&post=2622"}],"version-history":[{"count":1,"href":"https:\/\/www.toque-musicall.com\/index.php?rest_route=\/wp\/v2\/posts\/2622\/revisions"}],"predecessor-version":[{"id":2623,"href":"https:\/\/www.toque-musicall.com\/index.php?rest_route=\/wp\/v2\/posts\/2622\/revisions\/2623"}],"wp:attachment":[{"href":"https:\/\/www.toque-musicall.com\/index.php?rest_route=%2Fwp%2Fv2%2Fmedia&parent=2622"}],"wp:term":[{"taxonomy":"category","embeddable":true,"href":"https:\/\/www.toque-musicall.com\/index.php?rest_route=%2Fwp%2Fv2%2Fcategories&post=2622"},{"taxonomy":"post_tag","embeddable":true,"href":"https:\/\/www.toque-musicall.com\/index.php?rest_route=%2Fwp%2Fv2%2Ftags&post=2622"}],"curies":[{"name":"wp","href":"https:\/\/api.w.org\/{rel}","templated":true}]}}