{"id":263,"date":"2011-10-29T21:44:00","date_gmt":"2011-10-29T21:44:00","guid":{"rendered":"http:\/\/www.toque-musicall.com\/?p=263"},"modified":"2011-10-29T21:44:00","modified_gmt":"2011-10-29T21:44:00","slug":"1-e-pouco-2-e-bom-33-e-demais-favoritas-do-augusto-vol-1-2011","status":"publish","type":"post","link":"https:\/\/www.toque-musicall.com\/?p=263","title":{"rendered":"1 \u00c9 Pouco 2 \u00c9 Bom 33 \u00c9 Demais &#8211; Favoritas Do Augusto Vol. 1 (2011)"},"content":{"rendered":"<p><a href=\"http:\/\/2.bp.blogspot.com\/-2pbzDmpOFAs\/Tqx0Ee72GpI\/AAAAAAAAAgs\/-uuVNk5kP38\/s1600\/capa+P.JPG\"><img decoding=\"async\" style=\"display:block; margin:0px auto 10px; text-align:center;cursor:pointer; cursor:hand;width: 397px; height: 400px;\" src=\"http:\/\/2.bp.blogspot.com\/-2pbzDmpOFAs\/Tqx0Ee72GpI\/AAAAAAAAAgs\/-uuVNk5kP38\/s400\/capa+P.JPG\" border=\"0\" alt=\"\" id=\"BLOGGER_PHOTO_ID_5669033651324983954\" \/><\/a>Boa noite, amigos cultos e ocultos! Tenho em meu computador uma pastinha exclusiva, onde coloco as m\u00fasicas que eu mais gosto. Vez por outra, carrego ela comigo, no Ipod ou no celular e ponho para tocar no modo aleat\u00f3rio. Como s\u00e3o centenas, quase milhares de m\u00fasicas, elas nem sempre se repentem, ou se repente eu tamb\u00e9m acho \u00f3timo, afinal s\u00e3o aquelas m\u00fasicas que verdadeiramente me tocam. As favoritas do Augusto \ud83d\ude09<\/p>\n<div>Foi desta pasta que eu separei 33 m\u00fasicas, que trazem em comum o fato de serem \u00f3timas numa roda de viol\u00e3o. Basta apenas que todos na roda estejam na mesma sintonia.<\/div>\n<div>Procurei selecionar um repert\u00f3rio variado, com can\u00e7\u00f5es a partir dos anos 70. Alguns artistas se repente, como \u00e9 o caso do Fagner e do P\u00e9ricles Cavalcanti, que aqui aparecem em mais de duas m\u00fasicas. Tem certos artistas e discos que s\u00e3o como Bis, n\u00e3o d\u00e1 para ficar s\u00f3 em um. Inclu\u00ed tamb\u00e9m, na faixa final, a m\u00fasica &#8220;Goodbye&#8221;, de Paul McCartney, num bel\u00edssimo &#8216;cover&#8217; da melhor banda &#8216;cover&#8217; dos Beatles de todos os tempos, a Sgt Peppers Band, uai! \ud83d\ude42<\/div>\n<div>Segue assim a minha colet\u00e2nea especial, que vale por um \u00e1lbum triplo. Espero que a sele\u00e7\u00e3o despretensiosa agrade aos gregos e aos troianos. E que sirva de luz para os &#8216;Z\u00e9 Viola&#8217; espalhados por esse Brasil. <\/div>\n<div><\/div>\n<div style=\"text-align: center;\">terral &#8211; ednardo<\/div>\n<div style=\"text-align: center;\">cretina &#8211; tom e dito<\/div>\n<div style=\"text-align: center;\">povo da montanha &#8211; sirlan<\/div>\n<div style=\"text-align: center;\">can\u00e7\u00e3o da am\u00e9rica &#8211; 14 bis<\/div>\n<div style=\"text-align: center;\">lenha &#8211; zeca baleiro<\/div>\n<div style=\"text-align: center;\">elegia &#8211; p\u00e9ricles cavalcanti<\/div>\n<div style=\"text-align: center;\">cabras pastando &#8211; sergio sampaio<\/div>\n<div style=\"text-align: center;\">enrosca &#8211; guilherme lamounier<\/div>\n<div style=\"text-align: center;\">serenou na madrugada &#8211; fagner<\/div>\n<div style=\"text-align: center;\">taxi lunar &#8211; geraldo azevedo<\/div>\n<div style=\"text-align: center;\">travessia &#8211; milton nascimento<\/div>\n<div style=\"text-align: center;\">canteiros &#8211; fagner<\/div>\n<div style=\"text-align: center;\">p\u00f3 da estrada &#8211; s\u00e1, rodrix e guarabyra<\/div>\n<div style=\"text-align: center;\">telhados de paris &#8211; nei lisboa<\/div>\n<div style=\"text-align: center;\">pav\u00e3o misterioso &#8211; ednardo<\/div>\n<div style=\"text-align: center;\">blues da passagem &#8211; p\u00e9ricles cavalcanti<\/div>\n<div style=\"text-align: center;\">artemanhas de louren\u00e7o, filho de serafim &#8211; rui maurity<\/div>\n<div style=\"text-align: center;\">filho \u00fanico &#8211; erasmo carlos<\/div>\n<div style=\"text-align: center;\">artigo 26 &#8211; ednardo<\/div>\n<div style=\"text-align: center;\">tudo sobre eva &#8211; p\u00e9ricles cavalcanti<\/div>\n<div style=\"text-align: center;\">o vento, a chuva, o teu olhar &#8211; 14 bis<\/div>\n<div style=\"text-align: center;\">voar\u00e1s &#8211; d\u00e9o lopes<\/div>\n<div style=\"text-align: center;\">viajante &#8211; f\u00e1bio<\/div>\n<div style=\"text-align: center;\">poesseu, poessua (p\u00e9rnalas) &#8211; p\u00e9ricles cavalcanti<\/div>\n<div style=\"text-align: center;\">a palo seco &#8211; ednardo<\/div>\n<div style=\"text-align: center;\">marimbondo &#8211; s\u00e1 e guarabyra<\/div>\n<div style=\"text-align: center;\">telegrama &#8211; zeca baleiro<\/div>\n<div style=\"text-align: center;\">odeio m\u00fasica &#8211; p\u00e9ricles cavalcanti<\/div>\n<div style=\"text-align: center;\">penedo &#8211; alberto rosenblit e m\u00e1rio adnet<\/div>\n<div style=\"text-align: center;\">a massa &#8211; raimundo sodr\u00e9<\/div>\n<div style=\"text-align: center;\">cora\u00e7\u00e3o de ma\u00e7a &#8211; s\u00e1 e guarabyra<\/div>\n<div style=\"text-align: center;\">fim do dia &#8211; nei lisboa<\/div>\n<div style=\"text-align: center;\">goodbye &#8211; sgt. peppers band<\/div>\n<div style=\"text-align: center;\"><\/div>\n<div style=\"text-align: center;\"><\/div>\n","protected":false},"excerpt":{"rendered":"<p>Boa noite, amigos cultos e ocultos! Tenho em meu computador uma pastinha exclusiva, onde coloco as m\u00fasicas que eu mais gosto. Vez por outra, carrego ela comigo, no Ipod ou no celular e ponho para tocar no modo aleat\u00f3rio. Como &hellip; <a href=\"https:\/\/www.toque-musicall.com\/?p=263\">Continue lendo <span class=\"meta-nav\">&rarr;<\/span><\/a><\/p>\n","protected":false},"author":1,"featured_media":0,"comment_status":"open","ping_status":"closed","sticky":false,"template":"","format":"standard","meta":{"footnotes":""},"categories":[462,249,11],"tags":[],"class_list":["post-263","post","type-post","status-publish","format-standard","hentry","category-coletanea-as-favoritas-do-augusto-vol-1","category-coletanea-toque-musical","category-exclusivos-do-toque-musical"],"_links":{"self":[{"href":"https:\/\/www.toque-musicall.com\/index.php?rest_route=\/wp\/v2\/posts\/263","targetHints":{"allow":["GET"]}}],"collection":[{"href":"https:\/\/www.toque-musicall.com\/index.php?rest_route=\/wp\/v2\/posts"}],"about":[{"href":"https:\/\/www.toque-musicall.com\/index.php?rest_route=\/wp\/v2\/types\/post"}],"author":[{"embeddable":true,"href":"https:\/\/www.toque-musicall.com\/index.php?rest_route=\/wp\/v2\/users\/1"}],"replies":[{"embeddable":true,"href":"https:\/\/www.toque-musicall.com\/index.php?rest_route=%2Fwp%2Fv2%2Fcomments&post=263"}],"version-history":[{"count":0,"href":"https:\/\/www.toque-musicall.com\/index.php?rest_route=\/wp\/v2\/posts\/263\/revisions"}],"wp:attachment":[{"href":"https:\/\/www.toque-musicall.com\/index.php?rest_route=%2Fwp%2Fv2%2Fmedia&parent=263"}],"wp:term":[{"taxonomy":"category","embeddable":true,"href":"https:\/\/www.toque-musicall.com\/index.php?rest_route=%2Fwp%2Fv2%2Fcategories&post=263"},{"taxonomy":"post_tag","embeddable":true,"href":"https:\/\/www.toque-musicall.com\/index.php?rest_route=%2Fwp%2Fv2%2Ftags&post=263"}],"curies":[{"name":"wp","href":"https:\/\/api.w.org\/{rel}","templated":true}]}}