{"id":264,"date":"2011-10-28T12:29:00","date_gmt":"2011-10-28T12:29:00","guid":{"rendered":"http:\/\/www.toque-musicall.com\/?p=264"},"modified":"2011-10-28T12:29:00","modified_gmt":"2011-10-28T12:29:00","slug":"cid-ornellas-cacador-de-lua-1988","status":"publish","type":"post","link":"https:\/\/www.toque-musicall.com\/?p=264","title":{"rendered":"Cid Ornellas &#8211; Ca\u00e7ador de Lua (1988)"},"content":{"rendered":"<p><a href=\"http:\/\/4.bp.blogspot.com\/-uOW3aWpDqj4\/TqqlnRXeOrI\/AAAAAAAAAgg\/5hhLZ14qWmI\/s1600\/cid+P.JPG\"><img decoding=\"async\" style=\"display:block; margin:0px auto 10px; text-align:center;cursor:pointer; cursor:hand;width: 399px; height: 400px;\" src=\"http:\/\/4.bp.blogspot.com\/-uOW3aWpDqj4\/TqqlnRXeOrI\/AAAAAAAAAgg\/5hhLZ14qWmI\/s400\/cid+P.JPG\" border=\"0\" alt=\"\" id=\"BLOGGER_PHOTO_ID_5668525175094524594\" \/><\/a>Ol\u00e1 amigos cultos e ocultos! Chegamos a mais uma sexta feira dedicada \u00e0 m\u00fasica\/artista independente. Aproveito a ocasi\u00e3o para, novamente, convidar e avisar \u00e0 esses artistas que o espa\u00e7o do blog continua aberto para a divulga\u00e7\u00e3o de seus trabalhos. Vez por outra me chagam links e discos de artistas independentes, mas se a solicita\u00e7\u00e3o n\u00e3o partir do pr\u00f3prio artista e prefiro n\u00e3o postar. Por outra, as vezes aparecem por aqui coisas que ultrapassam os limites do bom senso, do curioso e daquilo que merece, pelo menos, ser escutado com outros olhos. Se for um trabalho com qualidade, mesmo que simples, solo, ac\u00fastico ou \u00e0 capela, tudo bem, o importante \u00e9 que tenha uma alma musical, art\u00edstica e seja original. Em virtude dessa situa\u00e7\u00e3o, tenho pensado em n\u00e3o mais manter as sextas feiras com exclusivas para os independentes. Teremos tamb\u00e9m os t\u00edtulos convencionais quando n\u00e3o houver um independente \u00e0 m\u00e3o.<\/p>\n<div>Hoje iremos com o m\u00fasico mineiro, Cid Ornellas, irm\u00e3o do saxofonista Nivaldo Ornellas. Cid \u00e9 um m\u00fasico de forma\u00e7\u00e3o acad\u00eamica. Seu instrumento \u00e9 o violoncelo, mas neste disco ele tamb\u00e9m toca viol\u00e3o, canta, faz arranjos e orquestra\u00e7\u00e3o. &#8220;Ca\u00e7ador de lua&#8221; \u00e9 um disco de m\u00fasica popular e as composi\u00e7\u00f5es s\u00e3o todas do pr\u00f3prio Cid, ou em parceria. Ele vem acompanhado por uma turma de excelentes m\u00fasicos e convidados, tudo mineirinho, como manda o figurino. O \u00e1lbum foi gravado na Bemol, aos cuidados do Dirceu Cheib. N\u00e3o precisa dizer mais nada, n\u00e3o \u00e9 mesmo? Melhor \u00e9 conferir&#8230; \ud83d\ude09<\/div>\n<div><\/div>\n<div style=\"text-align: center;\">bente altas<\/div>\n<div style=\"text-align: center;\">jo\u00e3o rosa<\/div>\n<div style=\"text-align: center;\">pele de \u00edndio<\/div>\n<div style=\"text-align: center;\">respira\u00e7\u00e3o natural<\/div>\n<div style=\"text-align: center;\">o arquiteto<\/div>\n<div style=\"text-align: center;\">mina\u00f5 ca\u00e7ador de lua<\/div>\n<div style=\"text-align: center;\">sonho brasileiro<\/div>\n<div style=\"text-align: center;\">lindinha<\/div>\n<div style=\"text-align: center;\">neons<\/div>\n<div><\/div>\n","protected":false},"excerpt":{"rendered":"<p>Ol\u00e1 amigos cultos e ocultos! Chegamos a mais uma sexta feira dedicada \u00e0 m\u00fasica\/artista independente. Aproveito a ocasi\u00e3o para, novamente, convidar e avisar \u00e0 esses artistas que o espa\u00e7o do blog continua aberto para a divulga\u00e7\u00e3o de seus trabalhos. Vez &hellip; <a href=\"https:\/\/www.toque-musicall.com\/?p=264\">Continue lendo <span class=\"meta-nav\">&rarr;<\/span><\/a><\/p>\n","protected":false},"author":1,"featured_media":0,"comment_status":"open","ping_status":"closed","sticky":false,"template":"","format":"standard","meta":{"footnotes":""},"categories":[463,25],"tags":[],"class_list":["post-264","post","type-post","status-publish","format-standard","hentry","category-cid-ornellas","category-selo-independente"],"_links":{"self":[{"href":"https:\/\/www.toque-musicall.com\/index.php?rest_route=\/wp\/v2\/posts\/264","targetHints":{"allow":["GET"]}}],"collection":[{"href":"https:\/\/www.toque-musicall.com\/index.php?rest_route=\/wp\/v2\/posts"}],"about":[{"href":"https:\/\/www.toque-musicall.com\/index.php?rest_route=\/wp\/v2\/types\/post"}],"author":[{"embeddable":true,"href":"https:\/\/www.toque-musicall.com\/index.php?rest_route=\/wp\/v2\/users\/1"}],"replies":[{"embeddable":true,"href":"https:\/\/www.toque-musicall.com\/index.php?rest_route=%2Fwp%2Fv2%2Fcomments&post=264"}],"version-history":[{"count":0,"href":"https:\/\/www.toque-musicall.com\/index.php?rest_route=\/wp\/v2\/posts\/264\/revisions"}],"wp:attachment":[{"href":"https:\/\/www.toque-musicall.com\/index.php?rest_route=%2Fwp%2Fv2%2Fmedia&parent=264"}],"wp:term":[{"taxonomy":"category","embeddable":true,"href":"https:\/\/www.toque-musicall.com\/index.php?rest_route=%2Fwp%2Fv2%2Fcategories&post=264"},{"taxonomy":"post_tag","embeddable":true,"href":"https:\/\/www.toque-musicall.com\/index.php?rest_route=%2Fwp%2Fv2%2Ftags&post=264"}],"curies":[{"name":"wp","href":"https:\/\/api.w.org\/{rel}","templated":true}]}}