{"id":2640,"date":"2012-11-04T08:59:35","date_gmt":"2012-11-04T08:59:35","guid":{"rendered":"http:\/\/www.toque-musicall.com\/?p=2640"},"modified":"2012-11-04T08:59:35","modified_gmt":"2012-11-04T08:59:35","slug":"historia-do-brasil-atraves-dos-sambas-de-enredo-o-negro-no-samba-1976","status":"publish","type":"post","link":"https:\/\/www.toque-musicall.com\/?p=2640","title":{"rendered":"Hist\u00f3ria Do Brasil Atrav\u00e9s Dos Sambas De Enredo &#8211; O Negro No Samba (1976)"},"content":{"rendered":"<p><img loading=\"lazy\" decoding=\"async\" class=\"aligncenter\" src=\"http:\/\/4.bp.blogspot.com\/-wmdqB6ZhM7Q\/UJWrwQkkt7I\/AAAAAAAAEnM\/VP7d6wKeUG8\/s400\/capaP.JPG\" alt=\"\" width=\"400\" height=\"400\" \/><img loading=\"lazy\" decoding=\"async\" class=\"aligncenter\" src=\"http:\/\/1.bp.blogspot.com\/-kyDLJtHRLlI\/UJWrgiHfDvI\/AAAAAAAAEnE\/wZEaYb84_AU\/s400\/contraP.JPG\" alt=\"\" width=\"396\" height=\"400\" \/><\/p>\n<p>Ol\u00e1, amigos cultos e ocultos! Hoje pela manh\u00e3 quando eu sa\u00ed para dar umas pedaladas, ao longo do passeio, encontrei numa cesta de lixo uma sacola pl\u00e1stica que pelo formato eu de imediato identifiquei como sendo de discos de vinil. N\u00e3o tive d\u00favida, abri para checar e l\u00e1 estavam quatro lps de mpb e tamb\u00e9m um disco chin\u00eas de 10 polegadas. Que sorte! Acho que na verdade vivo sempre muito atento aos discos de vinil, por isso sempre estou localizando algum. Entre os discos encontrados, coinciendentemente, havia este de samba que achei bem apropriado para o nosso s\u00e1bado. Como estamos em ritmo de samba, este aqui ca\u00ed como uma luva.<\/p>\n<p>Lan\u00e7ado em 1976 pela Som Livre, este \u00e9 um \u00e1lbum de samba dos mais interessantes. Conforme j\u00e1 anuncia o t\u00edtulo, temos aqui a hist\u00f3ria do Brasil atrav\u00e9s dos sambas enredo, tendo como foco principal o negro. Est\u00e3o reunidos aqui sambas enredo de diferentes agremia\u00e7\u00f5es do Rio de Janeiro e de \u00e9pocas distintas, contando hist\u00f3rias como as de Chica da Silva, Zumbi de Palmares, Chico Rei e diversas outras. Senti falta neste disco de um encarte informativo que nos explicasse melhor o processo de produ\u00e7\u00e3o. Embora haja na contracapa uma ficha t\u00e9cnica, faltou para mim, entender melhor essas participa\u00e7\u00f5es. Independente de qualquer coisa, o disco \u00e9 \u00f3timo. Podem pedir para conferir \ud83d\ude09<\/p>\n<p align=\"center\">navio negreiro<\/p>\n<p align=\"center\">leil\u00e3o de escravos<\/p>\n<p align=\"center\">negro na senzala<\/p>\n<p align=\"center\">magia africana no brasil e seus mist\u00e9rios<\/p>\n<p align=\"center\">palmares<\/p>\n<p align=\"center\">ganga zumba<\/p>\n<p align=\"center\">valongo<\/p>\n<p align=\"center\">a festa dos deuses afrobrasileiro<\/p>\n<p align=\"center\">chico rei<\/p>\n<p align=\"center\">chica da silva<\/p>\n<p align=\"center\">sublime\u00a0 pergaminho<\/p>\n<p align=\"center\">her\u00f3is da liberdade<\/p>\n<p align=\"center\">\n","protected":false},"excerpt":{"rendered":"<p>Ol\u00e1, amigos cultos e ocultos! Hoje pela manh\u00e3 quando eu sa\u00ed para dar umas pedaladas, ao longo do passeio, encontrei numa cesta de lixo uma sacola pl\u00e1stica que pelo formato eu de imediato identifiquei como sendo de discos de vinil. &hellip; <a href=\"https:\/\/www.toque-musicall.com\/?p=2640\">Continue lendo <span class=\"meta-nav\">&rarr;<\/span><\/a><\/p>\n","protected":false},"author":1,"featured_media":0,"comment_status":"open","ping_status":"closed","sticky":false,"template":"","format":"standard","meta":{"footnotes":""},"categories":[2068,66],"tags":[],"class_list":["post-2640","post","type-post","status-publish","format-standard","hentry","category-o-negro-no-brasil","category-selo-som-livre"],"_links":{"self":[{"href":"https:\/\/www.toque-musicall.com\/index.php?rest_route=\/wp\/v2\/posts\/2640","targetHints":{"allow":["GET"]}}],"collection":[{"href":"https:\/\/www.toque-musicall.com\/index.php?rest_route=\/wp\/v2\/posts"}],"about":[{"href":"https:\/\/www.toque-musicall.com\/index.php?rest_route=\/wp\/v2\/types\/post"}],"author":[{"embeddable":true,"href":"https:\/\/www.toque-musicall.com\/index.php?rest_route=\/wp\/v2\/users\/1"}],"replies":[{"embeddable":true,"href":"https:\/\/www.toque-musicall.com\/index.php?rest_route=%2Fwp%2Fv2%2Fcomments&post=2640"}],"version-history":[{"count":1,"href":"https:\/\/www.toque-musicall.com\/index.php?rest_route=\/wp\/v2\/posts\/2640\/revisions"}],"predecessor-version":[{"id":2644,"href":"https:\/\/www.toque-musicall.com\/index.php?rest_route=\/wp\/v2\/posts\/2640\/revisions\/2644"}],"wp:attachment":[{"href":"https:\/\/www.toque-musicall.com\/index.php?rest_route=%2Fwp%2Fv2%2Fmedia&parent=2640"}],"wp:term":[{"taxonomy":"category","embeddable":true,"href":"https:\/\/www.toque-musicall.com\/index.php?rest_route=%2Fwp%2Fv2%2Fcategories&post=2640"},{"taxonomy":"post_tag","embeddable":true,"href":"https:\/\/www.toque-musicall.com\/index.php?rest_route=%2Fwp%2Fv2%2Ftags&post=2640"}],"curies":[{"name":"wp","href":"https:\/\/api.w.org\/{rel}","templated":true}]}}