{"id":2645,"date":"2012-11-04T20:00:47","date_gmt":"2012-11-04T20:00:47","guid":{"rendered":"http:\/\/www.toque-musicall.com\/?p=2645"},"modified":"2012-11-05T00:15:43","modified_gmt":"2012-11-05T00:15:43","slug":"paulinho-da-viola-foi-um-rio-que-passou-em-minha-vida-1970","status":"publish","type":"post","link":"https:\/\/www.toque-musicall.com\/?p=2645","title":{"rendered":"Paulinho Da Viola &#8211; Foi Um Rio Que Passou Em Minha Vida (1970)"},"content":{"rendered":"<p><img loading=\"lazy\" decoding=\"async\" class=\"aligncenter\" src=\"http:\/\/4.bp.blogspot.com\/-2bUaJzuDq4I\/UJbhhrk6A4I\/AAAAAAAAEoM\/8IcOjJzynkQ\/s400\/paulinho+p.JPG\" alt=\"\" width=\"397\" height=\"400\" \/><img loading=\"lazy\" decoding=\"async\" class=\"aligncenter\" src=\"http:\/\/4.bp.blogspot.com\/-y241mgNn7IU\/UJbhXEmbk5I\/AAAAAAAAEoE\/UnEhRqID06w\/s400\/contraP.JPG\" alt=\"\" width=\"400\" height=\"388\" \/><\/p>\n<p>Boa noite, amigos cultos e ocultos! Verificando minha cole\u00e7\u00e3o de compactos, percebi que h\u00e1 muitos que eu ainda n\u00e3o apresentei aqui no Toque Musical. Acho que vou voltar a post\u00e1-los com mais frenquencia e desta vez n\u00e3o mais em blocos como antes. Teremos agora semanalmente um compacto publicado juntamente com a postagem do dia. N\u00e3o haver\u00e1 dia certo, vale qualquer um. Mas sempre teremos \u2018a surpresinha\u2019, ok?<\/p>\n<p>Nossa postagem de hoje \u00e9 dedicada ao Paulinho da Viola. Um nome que dispensa maiores apresenta\u00e7\u00f5es. Um artista genial que merece estar aqui mais vezes, nos brindando com seus sambas e tamb\u00e9m com os de outros bambas. \u201cFoi um rio que passou em minha vida\u201d \u00e9 um cl\u00e1ssico. Eu me refiro tanto ao \u00e1lbum quanto \u00e0 m\u00fasica. \u00c9, sem d\u00favida, um de seus melhores trabalhos e dos mais inspirados. Sendo um cl\u00e1ssico, este nunca sai de cat\u00e1logo. Suas m\u00fasicas continuam tocando nas r\u00e1dios e os relan\u00e7amentos, sempre vendendo. Isso para n\u00e3o falar do quanto ele tamb\u00e9m j\u00e1 foi compartilhado na rede. Por\u00e9m, eu n\u00e3o resisti. Este disco, aqui eu fa\u00e7o quest\u00e3o! Toquei e disse!<\/p>\n<p align=\"center\">para n\u00e3o contrariar voc\u00ea<\/p>\n<p align=\"center\">o meu pecado<\/p>\n<p align=\"center\">estou marcado<\/p>\n<p align=\"center\">lamenta\u00e7\u00e3o<\/p>\n<p align=\"center\">mesmo sem alegria<\/p>\n<p align=\"center\">foi um rio que passou em minha vida<\/p>\n<p align=\"center\">tudo se transformou<\/p>\n<p align=\"center\">nada de novo<\/p>\n<p align=\"center\">jurar com l\u00e1grimas<\/p>\n<p align=\"center\">papo furado<\/p>\n<p align=\"center\">n\u00e3o quero voc\u00ea assim<\/p>\n<p>&nbsp;<\/p>\n<p>&nbsp;<\/p>\n","protected":false},"excerpt":{"rendered":"<p>Boa noite, amigos cultos e ocultos! Verificando minha cole\u00e7\u00e3o de compactos, percebi que h\u00e1 muitos que eu ainda n\u00e3o apresentei aqui no Toque Musical. Acho que vou voltar a post\u00e1-los com mais frenquencia e desta vez n\u00e3o mais em blocos &hellip; <a href=\"https:\/\/www.toque-musicall.com\/?p=2645\">Continue lendo <span class=\"meta-nav\">&rarr;<\/span><\/a><\/p>\n","protected":false},"author":1,"featured_media":0,"comment_status":"open","ping_status":"closed","sticky":false,"template":"","format":"standard","meta":{"footnotes":""},"categories":[542,86],"tags":[],"class_list":["post-2645","post","type-post","status-publish","format-standard","hentry","category-paulinho-da-viola","category-selo-odeon"],"_links":{"self":[{"href":"https:\/\/www.toque-musicall.com\/index.php?rest_route=\/wp\/v2\/posts\/2645","targetHints":{"allow":["GET"]}}],"collection":[{"href":"https:\/\/www.toque-musicall.com\/index.php?rest_route=\/wp\/v2\/posts"}],"about":[{"href":"https:\/\/www.toque-musicall.com\/index.php?rest_route=\/wp\/v2\/types\/post"}],"author":[{"embeddable":true,"href":"https:\/\/www.toque-musicall.com\/index.php?rest_route=\/wp\/v2\/users\/1"}],"replies":[{"embeddable":true,"href":"https:\/\/www.toque-musicall.com\/index.php?rest_route=%2Fwp%2Fv2%2Fcomments&post=2645"}],"version-history":[{"count":2,"href":"https:\/\/www.toque-musicall.com\/index.php?rest_route=\/wp\/v2\/posts\/2645\/revisions"}],"predecessor-version":[{"id":2651,"href":"https:\/\/www.toque-musicall.com\/index.php?rest_route=\/wp\/v2\/posts\/2645\/revisions\/2651"}],"wp:attachment":[{"href":"https:\/\/www.toque-musicall.com\/index.php?rest_route=%2Fwp%2Fv2%2Fmedia&parent=2645"}],"wp:term":[{"taxonomy":"category","embeddable":true,"href":"https:\/\/www.toque-musicall.com\/index.php?rest_route=%2Fwp%2Fv2%2Fcategories&post=2645"},{"taxonomy":"post_tag","embeddable":true,"href":"https:\/\/www.toque-musicall.com\/index.php?rest_route=%2Fwp%2Fv2%2Ftags&post=2645"}],"curies":[{"name":"wp","href":"https:\/\/api.w.org\/{rel}","templated":true}]}}