{"id":2647,"date":"2012-11-04T20:11:39","date_gmt":"2012-11-04T20:11:39","guid":{"rendered":"http:\/\/www.toque-musicall.com\/?p=2647"},"modified":"2012-11-05T00:14:34","modified_gmt":"2012-11-05T00:14:34","slug":"os-rouxinois-compacto-1968","status":"publish","type":"post","link":"https:\/\/www.toque-musicall.com\/?p=2647","title":{"rendered":"Os Rouxin\u00f3is &#8211; Compacto (1968)"},"content":{"rendered":"<p><img loading=\"lazy\" decoding=\"async\" class=\"aligncenter\" src=\"http:\/\/4.bp.blogspot.com\/-IueVGGvuogk\/UJcAZHOd_GI\/AAAAAAAAEpM\/LSht4VcvpBE\/s400\/roucopa+P.JPG\" alt=\"\" width=\"398\" height=\"400\" \/><img loading=\"lazy\" decoding=\"async\" class=\"aligncenter\" src=\"http:\/\/2.bp.blogspot.com\/-xLP2rIiLB4k\/UJcATLqoELI\/AAAAAAAAEpE\/RzPURGbVLgE\/s400\/rouB.JPG\" alt=\"\" width=\"400\" height=\"399\" \/><\/p>\n<p>J\u00e1 valendo para a semana, aqui vai o primeiro compacto. Apresento a voc\u00eas o grupo vocal Os Rouxin\u00f3is do Rio. Para variar, n\u00e3o achei nada a respeito do deles., mas tenho certeza que logo aparecer\u00e1 algu\u00e9m por aqui esclarecendo o fato. Neste compacto duplo temos quatro sambas com aquela pegada de Bossa Nova. Embora eu tenha colocado a data de lan\u00e7amento, esta n\u00e3o \u00e9 de toda verdadeira. Foi apenas uma suposi\u00e7\u00e3o. Aguardando informa\u00e7\u00f5es&#8230; \ud83d\ude09<\/p>\n<p>&nbsp;<\/p>\n<p align=\"center\">quais quais quais<\/p>\n<p align=\"center\">mo\u00e7a no balan\u00e7o<\/p>\n<p align=\"center\">sambando sambando<\/p>\n<p align=\"center\">bonequinha que balan\u00e7a<\/p>\n<p>&nbsp;<\/p>\n","protected":false},"excerpt":{"rendered":"<p>J\u00e1 valendo para a semana, aqui vai o primeiro compacto. Apresento a voc\u00eas o grupo vocal Os Rouxin\u00f3is do Rio. Para variar, n\u00e3o achei nada a respeito do deles., mas tenho certeza que logo aparecer\u00e1 algu\u00e9m por aqui esclarecendo o &hellip; <a href=\"https:\/\/www.toque-musicall.com\/?p=2647\">Continue lendo <span class=\"meta-nav\">&rarr;<\/span><\/a><\/p>\n","protected":false},"author":1,"featured_media":0,"comment_status":"open","ping_status":"closed","sticky":false,"template":"","format":"standard","meta":{"footnotes":""},"categories":[1695,152],"tags":[],"class_list":["post-2647","post","type-post","status-publish","format-standard","hentry","category-os-rouxinois","category-selo-copacabana"],"_links":{"self":[{"href":"https:\/\/www.toque-musicall.com\/index.php?rest_route=\/wp\/v2\/posts\/2647","targetHints":{"allow":["GET"]}}],"collection":[{"href":"https:\/\/www.toque-musicall.com\/index.php?rest_route=\/wp\/v2\/posts"}],"about":[{"href":"https:\/\/www.toque-musicall.com\/index.php?rest_route=\/wp\/v2\/types\/post"}],"author":[{"embeddable":true,"href":"https:\/\/www.toque-musicall.com\/index.php?rest_route=\/wp\/v2\/users\/1"}],"replies":[{"embeddable":true,"href":"https:\/\/www.toque-musicall.com\/index.php?rest_route=%2Fwp%2Fv2%2Fcomments&post=2647"}],"version-history":[{"count":3,"href":"https:\/\/www.toque-musicall.com\/index.php?rest_route=\/wp\/v2\/posts\/2647\/revisions"}],"predecessor-version":[{"id":2650,"href":"https:\/\/www.toque-musicall.com\/index.php?rest_route=\/wp\/v2\/posts\/2647\/revisions\/2650"}],"wp:attachment":[{"href":"https:\/\/www.toque-musicall.com\/index.php?rest_route=%2Fwp%2Fv2%2Fmedia&parent=2647"}],"wp:term":[{"taxonomy":"category","embeddable":true,"href":"https:\/\/www.toque-musicall.com\/index.php?rest_route=%2Fwp%2Fv2%2Fcategories&post=2647"},{"taxonomy":"post_tag","embeddable":true,"href":"https:\/\/www.toque-musicall.com\/index.php?rest_route=%2Fwp%2Fv2%2Ftags&post=2647"}],"curies":[{"name":"wp","href":"https:\/\/api.w.org\/{rel}","templated":true}]}}