{"id":265,"date":"2011-10-27T22:21:00","date_gmt":"2011-10-27T22:21:00","guid":{"rendered":"http:\/\/www.toque-musicall.com\/?p=265"},"modified":"2011-10-27T22:21:00","modified_gmt":"2011-10-27T22:21:00","slug":"paulo-andre-barata-nativo-1978","status":"publish","type":"post","link":"https:\/\/www.toque-musicall.com\/?p=265","title":{"rendered":"Paulo Andr\u00e9 Barata &#8211; Nativo (1978)"},"content":{"rendered":"<p><a href=\"http:\/\/2.bp.blogspot.com\/-W4m0WYCpFzU\/TqnZoRRZebI\/AAAAAAAAAgU\/cdjA6S4mf7w\/s1600\/barata+P.JPG\"><img decoding=\"async\" style=\"display:block; margin:0px auto 10px; text-align:center;cursor:pointer; cursor:hand;width: 400px; height: 398px;\" src=\"http:\/\/2.bp.blogspot.com\/-W4m0WYCpFzU\/TqnZoRRZebI\/AAAAAAAAAgU\/cdjA6S4mf7w\/s400\/barata+P.JPG\" border=\"0\" alt=\"\" id=\"BLOGGER_PHOTO_ID_5668300891876850098\" \/><\/a>Boa noite! Hoje eu fiquei na d\u00favida do que deveria postar. A ideia era permanecer publicando velhos \u00e1lbuns de 10 polegadas, mas os que eu quero apresentar ainda precisam de uns tratos, melhorando ou pelo menos eliminando um pouco os estalos e chiados do \u00e1udio. Enquanto essa &#8216;limpeza&#8217; vai sendo feita, o jeito \u00e9 apelar para os &#8216;\u00e1lbuns de gaveta&#8217;, ou aqueles que j\u00e1 n\u00e3o s\u00e3o uma novidade na blogosfera.<\/p>\n<div>Dessa feita, hoje vamos com o cantor e compositor Paulo Andr\u00e9 Barata, um dos nomes mais respeitados da m\u00fasica paraense. Em 1976 a cantora Faf\u00e1 de Bel\u00e9m fez sua estr\u00e9ia em disco com o \u00e1lbum &#8220;Tamba Taj\u00e1&#8221;, o qual trazia v\u00e1rias m\u00fasicas de Paulo Andr\u00e9. No ano seguinte, em seu segundo disco, ela continuaria gravando m\u00fasicas do compositor. Atrav\u00e9s do sucesso alcan\u00e7ado por Faf\u00e1, consequentemente o compositor tamb\u00e9m passou a ser reconhecido nacionalmente. Em 1978, Paulo Andr\u00e9 Barata viria a lan\u00e7ar &#8220;Nativo&#8221;, seu primeiro lp. Este \u00e1lbum \u00e9 uma j\u00f3ia, muito bem recebido pela cr\u00edtica. Um bel\u00edssimo trabalho onde ele conta com a participa\u00e7\u00e3o de amigos ilustres, come\u00e7ando pela pr\u00f3pria Faf\u00e1 de Bel\u00e9m, Sivuca, M\u00e1rcio Montarroyos, Copinha, Jamil Jones e muitos outros&#8230; As composit\u00e7\u00f5es s\u00e3o todas de Paulo Andr\u00e9 e parcerias, sendo a maioria feita com seu pai, outro grande nome da m\u00fasica popular paraense, Ruy Barata. Os arranjos e reg\u00eancias s\u00e3o do Maestro Jos\u00e9 Briamonte.<\/div>\n<div><\/div>\n<div style=\"text-align: center;\">pacar\u00e1<\/div>\n<div style=\"text-align: center;\">pauapixuna<\/div>\n<div style=\"text-align: center;\">marujada<\/div>\n<div style=\"text-align: center;\">nativo<\/div>\n<div style=\"text-align: center;\">este rio \u00e9 minha rua<\/div>\n<div style=\"text-align: center;\">carta noturna<\/div>\n<div style=\"text-align: center;\">indau\u00ea tupan<\/div>\n<div style=\"text-align: center;\">enchente amaz\u00f4nica<\/div>\n<div style=\"text-align: center;\">mesa de bar<\/div>\n<div style=\"text-align: center;\">garras e guitarras<\/div>\n<div style=\"text-align: center;\">baiuca&#8217;s bar<\/div>\n<div style=\"text-align: center;\">bela fatal<\/div>\n<div style=\"text-align: center;\"><\/div>\n<div style=\"text-align: center;\"><\/div>\n","protected":false},"excerpt":{"rendered":"<p>Boa noite! Hoje eu fiquei na d\u00favida do que deveria postar. A ideia era permanecer publicando velhos \u00e1lbuns de 10 polegadas, mas os que eu quero apresentar ainda precisam de uns tratos, melhorando ou pelo menos eliminando um pouco os &hellip; <a href=\"https:\/\/www.toque-musicall.com\/?p=265\">Continue lendo <span class=\"meta-nav\">&rarr;<\/span><\/a><\/p>\n","protected":false},"author":1,"featured_media":0,"comment_status":"open","ping_status":"closed","sticky":false,"template":"","format":"standard","meta":{"footnotes":""},"categories":[464,40],"tags":[],"class_list":["post-265","post","type-post","status-publish","format-standard","hentry","category-paulo-andre-barata","category-selo-continental"],"_links":{"self":[{"href":"https:\/\/www.toque-musicall.com\/index.php?rest_route=\/wp\/v2\/posts\/265","targetHints":{"allow":["GET"]}}],"collection":[{"href":"https:\/\/www.toque-musicall.com\/index.php?rest_route=\/wp\/v2\/posts"}],"about":[{"href":"https:\/\/www.toque-musicall.com\/index.php?rest_route=\/wp\/v2\/types\/post"}],"author":[{"embeddable":true,"href":"https:\/\/www.toque-musicall.com\/index.php?rest_route=\/wp\/v2\/users\/1"}],"replies":[{"embeddable":true,"href":"https:\/\/www.toque-musicall.com\/index.php?rest_route=%2Fwp%2Fv2%2Fcomments&post=265"}],"version-history":[{"count":0,"href":"https:\/\/www.toque-musicall.com\/index.php?rest_route=\/wp\/v2\/posts\/265\/revisions"}],"wp:attachment":[{"href":"https:\/\/www.toque-musicall.com\/index.php?rest_route=%2Fwp%2Fv2%2Fmedia&parent=265"}],"wp:term":[{"taxonomy":"category","embeddable":true,"href":"https:\/\/www.toque-musicall.com\/index.php?rest_route=%2Fwp%2Fv2%2Fcategories&post=265"},{"taxonomy":"post_tag","embeddable":true,"href":"https:\/\/www.toque-musicall.com\/index.php?rest_route=%2Fwp%2Fv2%2Ftags&post=265"}],"curies":[{"name":"wp","href":"https:\/\/api.w.org\/{rel}","templated":true}]}}