{"id":2658,"date":"2012-11-07T13:40:40","date_gmt":"2012-11-07T13:40:40","guid":{"rendered":"http:\/\/www.toque-musicall.com\/?p=2658"},"modified":"2012-11-07T13:40:40","modified_gmt":"2012-11-07T13:40:40","slug":"luiz-bonfa-violao-boemio-1968","status":"publish","type":"post","link":"https:\/\/www.toque-musicall.com\/?p=2658","title":{"rendered":"Luiz Bonf\u00e1 &#8211; Viol\u00e3o Bo\u00eamio (1968)"},"content":{"rendered":"<p><img loading=\"lazy\" decoding=\"async\" class=\"aligncenter\" src=\"http:\/\/1.bp.blogspot.com\/-tOWjHi9ud6o\/UJpfZrWCpCI\/AAAAAAAAEs4\/GWXnqnM5mS4\/s400\/capa+p.JPG\" alt=\"\" width=\"396\" height=\"400\" \/><img loading=\"lazy\" decoding=\"async\" class=\"aligncenter\" src=\"http:\/\/2.bp.blogspot.com\/-PkpPlhtOHoU\/UJpfUVz9DHI\/AAAAAAAAEsw\/_aZjLdp54-4\/s400\/contracapap.JPG\" alt=\"\" width=\"395\" height=\"400\" \/><\/p>\n<p>Ol\u00e1 amigos cultos e ocultos! Na falta de tempo e mais ainda, numa indisposi\u00e7\u00e3o estomacal que n\u00e3o me d\u00e1 a menor motiva\u00e7\u00e3o, sou obrigado a partir para os meus \u2018discos de gaveta\u2019.<\/p>\n<p>Trago para voc\u00eas este \u00e1lbum do compositor e violonista Luiz Bonf\u00e1, relan\u00e7ado pela Odeon, atrav\u00e9s de seu selo Imperial, em 1968. Este lp foi gravado 1958 e tamb\u00e9m pode ser encontrado no Abracadabra com sua capa original. A minha escolha foi meio na sorte. E que sorte tem voc\u00eas de poderem ouvir o viol\u00e3o do Bonf\u00e1 interpretando al\u00e9m de composi\u00e7\u00f5es pr\u00f3prias, m\u00fasicas de Vin\u00edcius de Moraes, Boror\u00f3, Josu\u00e9 de Barros, Canhoto e a dupla Noel Rosa e Vadico. Esta \u00e9 a primeira vez que eu posto um disco do Luiz Bonf\u00e1. Acho que estamos precisando ouvi-lo mais por aqui, concordam?<\/p>\n<p align=\"center\">bom que d\u00f3i<\/p>\n<p align=\"center\">boulevard<\/p>\n<p align=\"center\">abismo de rosas<\/p>\n<p align=\"center\">\u00edndia<\/p>\n<p align=\"center\">paramaribo<\/p>\n<p align=\"center\">tingu\u00e1<\/p>\n<p align=\"center\">dobradinho<\/p>\n<p align=\"center\">eur\u00eddice<\/p>\n<p align=\"center\">da cor do pecado<\/p>\n<p align=\"center\">walqu\u00edria<\/p>\n<p align=\"center\">dona carol<\/p>\n<p align=\"center\">feiti\u00e7o da vila<\/p>\n<p align=\"center\">\n<p>&nbsp;<\/p>\n","protected":false},"excerpt":{"rendered":"<p>Ol\u00e1 amigos cultos e ocultos! Na falta de tempo e mais ainda, numa indisposi\u00e7\u00e3o estomacal que n\u00e3o me d\u00e1 a menor motiva\u00e7\u00e3o, sou obrigado a partir para os meus \u2018discos de gaveta\u2019. Trago para voc\u00eas este \u00e1lbum do compositor e &hellip; <a href=\"https:\/\/www.toque-musicall.com\/?p=2658\">Continue lendo <span class=\"meta-nav\">&rarr;<\/span><\/a><\/p>\n","protected":false},"author":1,"featured_media":0,"comment_status":"open","ping_status":"closed","sticky":false,"template":"","format":"standard","meta":{"footnotes":""},"categories":[2069,3],"tags":[],"class_list":["post-2658","post","type-post","status-publish","format-standard","hentry","category-luiz-bonfa","category-selo-imperial"],"_links":{"self":[{"href":"https:\/\/www.toque-musicall.com\/index.php?rest_route=\/wp\/v2\/posts\/2658","targetHints":{"allow":["GET"]}}],"collection":[{"href":"https:\/\/www.toque-musicall.com\/index.php?rest_route=\/wp\/v2\/posts"}],"about":[{"href":"https:\/\/www.toque-musicall.com\/index.php?rest_route=\/wp\/v2\/types\/post"}],"author":[{"embeddable":true,"href":"https:\/\/www.toque-musicall.com\/index.php?rest_route=\/wp\/v2\/users\/1"}],"replies":[{"embeddable":true,"href":"https:\/\/www.toque-musicall.com\/index.php?rest_route=%2Fwp%2Fv2%2Fcomments&post=2658"}],"version-history":[{"count":1,"href":"https:\/\/www.toque-musicall.com\/index.php?rest_route=\/wp\/v2\/posts\/2658\/revisions"}],"predecessor-version":[{"id":2659,"href":"https:\/\/www.toque-musicall.com\/index.php?rest_route=\/wp\/v2\/posts\/2658\/revisions\/2659"}],"wp:attachment":[{"href":"https:\/\/www.toque-musicall.com\/index.php?rest_route=%2Fwp%2Fv2%2Fmedia&parent=2658"}],"wp:term":[{"taxonomy":"category","embeddable":true,"href":"https:\/\/www.toque-musicall.com\/index.php?rest_route=%2Fwp%2Fv2%2Fcategories&post=2658"},{"taxonomy":"post_tag","embeddable":true,"href":"https:\/\/www.toque-musicall.com\/index.php?rest_route=%2Fwp%2Fv2%2Ftags&post=2658"}],"curies":[{"name":"wp","href":"https:\/\/api.w.org\/{rel}","templated":true}]}}