{"id":2674,"date":"2012-11-11T12:00:32","date_gmt":"2012-11-11T12:00:32","guid":{"rendered":"http:\/\/www.toque-musicall.com\/?p=2674"},"modified":"2012-11-11T12:00:32","modified_gmt":"2012-11-11T12:00:32","slug":"tito-madi-cancao-dos-olhos-tristes-1961","status":"publish","type":"post","link":"https:\/\/www.toque-musicall.com\/?p=2674","title":{"rendered":"Tito Madi Can\u00e7\u00e3o Dos Olhos Tristes (1961)"},"content":{"rendered":"<p><img loading=\"lazy\" decoding=\"async\" class=\"aligncenter\" src=\"http:\/\/1.bp.blogspot.com\/-fhvD6UHhQHQ\/UJ-SlZFX9CI\/AAAAAAAAEy4\/jVOpL6BF6XA\/s400\/capa+p.JPG\" alt=\"\" width=\"394\" height=\"400\" \/><img loading=\"lazy\" decoding=\"async\" class=\"aligncenter\" src=\"http:\/\/4.bp.blogspot.com\/-a16azIMj78I\/UJ-SgZhivwI\/AAAAAAAAEyw\/6GQghaD6KEk\/s400\/contrap.JPG\" alt=\"\" width=\"400\" height=\"390\" \/><\/p>\n<p>Bom dia, amigos cultos e ocultos! Em minha \u00faltima ida ao Rio (de Janeiro), andei comprando alguns discos. Entre esses trouxe tamb\u00e9m este disco do Tito Madi. Um \u00e1lbum realmente muito bonito, lan\u00e7ado pela CBS em 1961, safra onde muita coisa boa apareceu (inclusive eu, hehehe&#8230;). Havia esquecido de posta-lo e s\u00f3 lembrei agora por conta do amigo Chris Rousseau que foi quem deu \u2018um trato\u2019 no som. Observando rapidamente pela Rede, n\u00e3o vi ainda este disco postado em nenhum outro blog. Ser\u00e1? Bom, mas isso n\u00e3o importa. Seja como for, aqui vai a minha \u2018vers\u00e3o dos fatos\u2019. Segue assim \u201cCan\u00e7\u00e3o dos olhos tristes\u201d, \u00e1lbum onde Tito \u00e9 acompanhado pela orquestra do maestro Lyrio Panicali e traz al\u00e9m de suas belas composi\u00e7\u00f5es, m\u00fasicas de Luiz Ant\u00f4nio (Chorou, chorou); Hianto de Almeida e Meira Guimar\u00e3es (Pra voc\u00ea); Fernando C\u00e9sar e Lyrio Panicali (Presente do c\u00e9u); Luiz Bonf\u00e1 e Reinaldo Dias Leme (Tanto amor) e Esther Delamare (Eu queria sonhar) que tamb\u00e9m escreve o texto da contracapa. Querem conferir o toque? Ent\u00e3o aguardem que logo ele estar\u00e1 no GTM. Quem ainda n\u00e3o se associou, fa\u00e7a-o j\u00e1. Mas, por favor, antes de vir com d\u00favidas de como \u2018baixar\u2019, leiam antes as orienta\u00e7\u00f5es contidas aqui, ok? Ta tudo muito bem \u2018mastigadinho\u2019, \u00e9 s\u00f3 engolir&#8230; \ud83d\ude09<\/p>\n<p align=\"center\">can\u00e7\u00e3o dos olhos tristes<\/p>\n<p align=\"center\">chorou, chorou&#8230;<\/p>\n<p align=\"center\">gra\u00e7as a deus voc\u00ea voltou<\/p>\n<p align=\"center\">pra voc\u00ea<\/p>\n<p align=\"center\">presente do c\u00e9u<\/p>\n<p align=\"center\">at\u00e9 quando<\/p>\n<p align=\"center\">\u00e9 f\u00e1cil dizer adeus<\/p>\n<p align=\"center\">tanto amor<\/p>\n<p align=\"center\">can\u00e7\u00e3o de sorrir&#8230; de chorar<\/p>\n<p align=\"center\">onde andar\u00e1 minha saudade<\/p>\n<p align=\"center\">eu queria sonhar<\/p>\n<p align=\"center\">nem um adeus<\/p>\n<p align=\"center\">\n","protected":false},"excerpt":{"rendered":"<p>Bom dia, amigos cultos e ocultos! Em minha \u00faltima ida ao Rio (de Janeiro), andei comprando alguns discos. Entre esses trouxe tamb\u00e9m este disco do Tito Madi. Um \u00e1lbum realmente muito bonito, lan\u00e7ado pela CBS em 1961, safra onde muita &hellip; <a href=\"https:\/\/www.toque-musicall.com\/?p=2674\">Continue lendo <span class=\"meta-nav\">&rarr;<\/span><\/a><\/p>\n","protected":false},"author":1,"featured_media":0,"comment_status":"open","ping_status":"closed","sticky":false,"template":"","format":"standard","meta":{"footnotes":""},"categories":[1],"tags":[],"class_list":["post-2674","post","type-post","status-publish","format-standard","hentry","category-sem-categoria"],"_links":{"self":[{"href":"https:\/\/www.toque-musicall.com\/index.php?rest_route=\/wp\/v2\/posts\/2674","targetHints":{"allow":["GET"]}}],"collection":[{"href":"https:\/\/www.toque-musicall.com\/index.php?rest_route=\/wp\/v2\/posts"}],"about":[{"href":"https:\/\/www.toque-musicall.com\/index.php?rest_route=\/wp\/v2\/types\/post"}],"author":[{"embeddable":true,"href":"https:\/\/www.toque-musicall.com\/index.php?rest_route=\/wp\/v2\/users\/1"}],"replies":[{"embeddable":true,"href":"https:\/\/www.toque-musicall.com\/index.php?rest_route=%2Fwp%2Fv2%2Fcomments&post=2674"}],"version-history":[{"count":1,"href":"https:\/\/www.toque-musicall.com\/index.php?rest_route=\/wp\/v2\/posts\/2674\/revisions"}],"predecessor-version":[{"id":2675,"href":"https:\/\/www.toque-musicall.com\/index.php?rest_route=\/wp\/v2\/posts\/2674\/revisions\/2675"}],"wp:attachment":[{"href":"https:\/\/www.toque-musicall.com\/index.php?rest_route=%2Fwp%2Fv2%2Fmedia&parent=2674"}],"wp:term":[{"taxonomy":"category","embeddable":true,"href":"https:\/\/www.toque-musicall.com\/index.php?rest_route=%2Fwp%2Fv2%2Fcategories&post=2674"},{"taxonomy":"post_tag","embeddable":true,"href":"https:\/\/www.toque-musicall.com\/index.php?rest_route=%2Fwp%2Fv2%2Ftags&post=2674"}],"curies":[{"name":"wp","href":"https:\/\/api.w.org\/{rel}","templated":true}]}}