{"id":2681,"date":"2012-11-13T20:34:35","date_gmt":"2012-11-13T20:34:35","guid":{"rendered":"http:\/\/www.toque-musicall.com\/?p=2681"},"modified":"2012-11-15T09:47:58","modified_gmt":"2012-11-15T09:47:58","slug":"francisco-mario-pijama-de-seda-1985","status":"publish","type":"post","link":"https:\/\/www.toque-musicall.com\/?p=2681","title":{"rendered":"Francisco M\u00e1rio &#8211; Pijama De Seda (1985)"},"content":{"rendered":"<p><img loading=\"lazy\" decoding=\"async\" class=\"aligncenter\" src=\"http:\/\/4.bp.blogspot.com\/-yeHTtkqCw6A\/UKLO818U36I\/AAAAAAAAE1g\/EevGoqTW7kQ\/s400\/capa+p.JPG\" alt=\"\" width=\"400\" height=\"396\" \/><img loading=\"lazy\" decoding=\"async\" class=\"aligncenter\" src=\"http:\/\/3.bp.blogspot.com\/-49gF8jUtBeg\/UKLO3Lzo01I\/AAAAAAAAE1Y\/o1BAtpdkC1k\/s400\/contra+p.JPG\" alt=\"\" width=\"400\" height=\"399\" \/><\/p>\n<p>Boa noite, amigos cultos e ocultos! Hoje eu trago para voc\u00eas um disco muito bonito do Chico M\u00e1rio. Ali\u00e1s, mais um, diga-se de passagem. Temos aqui no Toque Musical outros dois discos dele, na mesma linha, instrumental de primeir\u00edssima. \u201cPijama de Seda\u201d foi um disco de 1985, mais uma produ\u00e7\u00e3o independente lan\u00e7ado com estr\u00e9ia em show na Sala Cec\u00edlia Meireles, no dia 30 de setembro. Neste lp ele faz uma homenagem \u00e0 Pixinguinha com a m\u00fasica que d\u00e1 nome ao disco. H\u00e1 tamb\u00e9m \u201cRessurei\u00e7\u00e3o\u201d, outra homenagem, desta vez ao irm\u00e3o Henfil. M\u00fasica esta onde ele toca com oito viol\u00f5es diferentes. De todas as m\u00fasicas do disco, gosto em especial de \u201cViolada\u201d, me traz boas recorda\u00e7\u00f5es, al\u00e9m de ser realmente linda. Todas as m\u00fasicas s\u00e3o de autoria do pr\u00f3prio Francisco M\u00e1rio. Este \u00e1lbum foi tamb\u00e9m relan\u00e7ado em cd, mas com outra capa. Certamente ainda \u00e9 poss\u00edvel encontra-lo em lojas.<\/p>\n<p align=\"center\">ressurei\u00e7\u00e3o<\/p>\n<p align=\"center\">espanhola<\/p>\n<p align=\"center\">terra queima<\/p>\n<p align=\"center\">3\u00aa guerra<\/p>\n<p align=\"center\">l\u00e3s locas<\/p>\n<p align=\"center\">pijama de seda<\/p>\n<p align=\"center\">souza<\/p>\n<p align=\"center\">venceremos<\/p>\n<p align=\"center\">violada<\/p>\n<p align=\"center\">faz que vai<\/p>\n<p align=\"center\">coceirinha<\/p>\n<p align=\"center\">saudade de mim<\/p>\n<p align=\"center\">\n","protected":false},"excerpt":{"rendered":"<p>Boa noite, amigos cultos e ocultos! Hoje eu trago para voc\u00eas um disco muito bonito do Chico M\u00e1rio. Ali\u00e1s, mais um, diga-se de passagem. Temos aqui no Toque Musical outros dois discos dele, na mesma linha, instrumental de primeir\u00edssima. \u201cPijama &hellip; <a href=\"https:\/\/www.toque-musicall.com\/?p=2681\">Continue lendo <span class=\"meta-nav\">&rarr;<\/span><\/a><\/p>\n","protected":false},"author":1,"featured_media":0,"comment_status":"open","ping_status":"closed","sticky":false,"template":"","format":"standard","meta":{"footnotes":""},"categories":[621,25],"tags":[],"class_list":["post-2681","post","type-post","status-publish","format-standard","hentry","category-francisco-mario","category-selo-independente"],"_links":{"self":[{"href":"https:\/\/www.toque-musicall.com\/index.php?rest_route=\/wp\/v2\/posts\/2681","targetHints":{"allow":["GET"]}}],"collection":[{"href":"https:\/\/www.toque-musicall.com\/index.php?rest_route=\/wp\/v2\/posts"}],"about":[{"href":"https:\/\/www.toque-musicall.com\/index.php?rest_route=\/wp\/v2\/types\/post"}],"author":[{"embeddable":true,"href":"https:\/\/www.toque-musicall.com\/index.php?rest_route=\/wp\/v2\/users\/1"}],"replies":[{"embeddable":true,"href":"https:\/\/www.toque-musicall.com\/index.php?rest_route=%2Fwp%2Fv2%2Fcomments&post=2681"}],"version-history":[{"count":2,"href":"https:\/\/www.toque-musicall.com\/index.php?rest_route=\/wp\/v2\/posts\/2681\/revisions"}],"predecessor-version":[{"id":2687,"href":"https:\/\/www.toque-musicall.com\/index.php?rest_route=\/wp\/v2\/posts\/2681\/revisions\/2687"}],"wp:attachment":[{"href":"https:\/\/www.toque-musicall.com\/index.php?rest_route=%2Fwp%2Fv2%2Fmedia&parent=2681"}],"wp:term":[{"taxonomy":"category","embeddable":true,"href":"https:\/\/www.toque-musicall.com\/index.php?rest_route=%2Fwp%2Fv2%2Fcategories&post=2681"},{"taxonomy":"post_tag","embeddable":true,"href":"https:\/\/www.toque-musicall.com\/index.php?rest_route=%2Fwp%2Fv2%2Ftags&post=2681"}],"curies":[{"name":"wp","href":"https:\/\/api.w.org\/{rel}","templated":true}]}}