{"id":2684,"date":"2012-11-14T23:06:31","date_gmt":"2012-11-14T23:06:31","guid":{"rendered":"http:\/\/www.toque-musicall.com\/?p=2684"},"modified":"2012-11-15T09:46:55","modified_gmt":"2012-11-15T09:46:55","slug":"maringa-a-cidade-que-nasceu-de-uma-cancao-1972","status":"publish","type":"post","link":"https:\/\/www.toque-musicall.com\/?p=2684","title":{"rendered":"Maring\u00e1 &#8211; A Cidade Que Nasceu De Uma Can\u00e7\u00e3o (1972)"},"content":{"rendered":"<p><img loading=\"lazy\" decoding=\"async\" class=\"aligncenter\" src=\"http:\/\/4.bp.blogspot.com\/-w_2GexdBNPg\/UKQ1EEp86UI\/AAAAAAAAE3U\/bbpVT8tQkUk\/s400\/maring\u00e1+FP.JPG\" alt=\"\" width=\"400\" height=\"398\" \/><img loading=\"lazy\" decoding=\"async\" class=\"aligncenter\" src=\"http:\/\/1.bp.blogspot.com\/-lQRChRbPPGA\/UKQ0-RLONpI\/AAAAAAAAE3M\/axXviq6Cvhw\/s400\/maring\u00e1+BP.JPG\" alt=\"\" width=\"400\" height=\"400\" \/><\/p>\n<p>Ol\u00e1 amigos cultos e ocultos! Custei mais cheguei&#8230; cansado, esgotado e quase dormindo. Antes, por\u00e9m, deixa eu fazer aqui a minha postagem di\u00e1ria para n\u00e3o sair do compasso.<\/p>\n<p>Hoje eu trago para voc\u00eas um disco que h\u00e1 muito eu venho ensaiando postar. Ali\u00e1s, era para ter sido postado logo nos primeiros dias do Toque Musical. Acabou ficando na \u2018gaveta\u2019. Vamos com este \u00e1lbum lan\u00e7ado pelo selo Copacabana, em 1972. Um disco que canta e tem como t\u00edtulo a cidade paranaense de Maring\u00e1. Nele vamos encontrar diferentes int\u00e9rpretes e um \u00fanico autor, o mineiro de Uberaba, Joubert de Carvalho. Como todos aqui devem saber, Joubert de Carvalho era m\u00e9dico e compositor. Autor de in\u00fameras p\u00e9rolas, entre essa, \u201cMaring\u00e1\u201d, can\u00e7\u00e3o celebrada por muitos cantores ainda hoje. O disco foi lan\u00e7ado em comemora\u00e7\u00e3o ao Jubileu da cidade, como um presente, conforme est\u00e1 escrito no texto da contracapa. E pelo que eu pude entender, Joubert de Carvalho, foi at\u00e9 a cidade, a qual apadrinhou, para prestar essa homenagem. Vamos encontrar aqui, al\u00e9m desta can\u00e7\u00e3o, outras tamb\u00e9m famosas, nas vozes de cantores como Agnaldo Rayol, \u00c2ngela Maria, Cyro Monteiro, Ata\u00edde Beck, Jairo Aguiar, Silvio Caldas e o Coral Sabi\u00e1. Um bom disco que por certo os amigos ir\u00e3o querer ouvir. T\u00e1 na ponta da agulha, \u00e9 s\u00f3 dar o toque \ud83d\ude42<\/p>\n<p align=\"center\">maring\u00e1 \u2013 ata\u00edde beck<\/p>\n<p align=\"center\">minha casa \u2013 silvio caldas<\/p>\n<p align=\"center\">hora da despedida \u2013 ata\u00edde beck<\/p>\n<p align=\"center\">sil\u00eancio do cantor \u2013 \u00e2ngela maria<\/p>\n<p align=\"center\">pierrot \u2013 agnaldo rayol<\/p>\n<p align=\"center\">flamboyant \u2013 ata\u00edde beck<\/p>\n<p align=\"center\">a cidade que nasceu de uma can\u00e7\u00e3o \u2013 ata\u00edde beck<\/p>\n<p align=\"center\">tahi \u2013 \u00e2ngela maria e cyro monteiro<\/p>\n<p align=\"center\">lembro-me ainda \u2013 ata\u00edde beck<\/p>\n<p align=\"center\">rosalinda \u2013 agnaldo rayol<\/p>\n<p align=\"center\">de papo pro \u00e1 \u2013 coral sabi\u00e1<\/p>\n<p align=\"center\">zingara \u2013 jairo aguiar<\/p>\n<p align=\"center\">\n","protected":false},"excerpt":{"rendered":"<p>Ol\u00e1 amigos cultos e ocultos! Custei mais cheguei&#8230; cansado, esgotado e quase dormindo. Antes, por\u00e9m, deixa eu fazer aqui a minha postagem di\u00e1ria para n\u00e3o sair do compasso. Hoje eu trago para voc\u00eas um disco que h\u00e1 muito eu venho &hellip; <a href=\"https:\/\/www.toque-musicall.com\/?p=2684\">Continue lendo <span class=\"meta-nav\">&rarr;<\/span><\/a><\/p>\n","protected":false},"author":1,"featured_media":0,"comment_status":"open","ping_status":"closed","sticky":false,"template":"","format":"standard","meta":{"footnotes":""},"categories":[2073,152],"tags":[],"class_list":["post-2684","post","type-post","status-publish","format-standard","hentry","category-joubert-de-carvalho","category-selo-copacabana"],"_links":{"self":[{"href":"https:\/\/www.toque-musicall.com\/index.php?rest_route=\/wp\/v2\/posts\/2684","targetHints":{"allow":["GET"]}}],"collection":[{"href":"https:\/\/www.toque-musicall.com\/index.php?rest_route=\/wp\/v2\/posts"}],"about":[{"href":"https:\/\/www.toque-musicall.com\/index.php?rest_route=\/wp\/v2\/types\/post"}],"author":[{"embeddable":true,"href":"https:\/\/www.toque-musicall.com\/index.php?rest_route=\/wp\/v2\/users\/1"}],"replies":[{"embeddable":true,"href":"https:\/\/www.toque-musicall.com\/index.php?rest_route=%2Fwp%2Fv2%2Fcomments&post=2684"}],"version-history":[{"count":2,"href":"https:\/\/www.toque-musicall.com\/index.php?rest_route=\/wp\/v2\/posts\/2684\/revisions"}],"predecessor-version":[{"id":2686,"href":"https:\/\/www.toque-musicall.com\/index.php?rest_route=\/wp\/v2\/posts\/2684\/revisions\/2686"}],"wp:attachment":[{"href":"https:\/\/www.toque-musicall.com\/index.php?rest_route=%2Fwp%2Fv2%2Fmedia&parent=2684"}],"wp:term":[{"taxonomy":"category","embeddable":true,"href":"https:\/\/www.toque-musicall.com\/index.php?rest_route=%2Fwp%2Fv2%2Fcategories&post=2684"},{"taxonomy":"post_tag","embeddable":true,"href":"https:\/\/www.toque-musicall.com\/index.php?rest_route=%2Fwp%2Fv2%2Ftags&post=2684"}],"curies":[{"name":"wp","href":"https:\/\/api.w.org\/{rel}","templated":true}]}}