{"id":269,"date":"2011-10-23T21:56:00","date_gmt":"2011-10-23T21:56:00","guid":{"rendered":"http:\/\/www.toque-musicall.com\/?p=269"},"modified":"2011-10-23T21:56:00","modified_gmt":"2011-10-23T21:56:00","slug":"coral-do-colegio-arte-e-instrucao-alvorada-de-vozes-1964","status":"publish","type":"post","link":"https:\/\/www.toque-musicall.com\/?p=269","title":{"rendered":"Coral do Col\u00e9gio Arte E Instru\u00e7\u00e3o &#8211; Alvorada De Vozes (1964)"},"content":{"rendered":"<p><a href=\"http:\/\/2.bp.blogspot.com\/-FOJgk0PBV8A\/TqSOR7fYuFI\/AAAAAAAAAeU\/k0dHFqwa4dA\/s1600\/coral+P.JPG\"><img decoding=\"async\" style=\"display:block; margin:0px auto 10px; text-align:center;cursor:pointer; cursor:hand;width: 398px; height: 400px;\" src=\"http:\/\/2.bp.blogspot.com\/-FOJgk0PBV8A\/TqSOR7fYuFI\/AAAAAAAAAeU\/k0dHFqwa4dA\/s400\/coral+P.JPG\" border=\"0\" alt=\"\" id=\"BLOGGER_PHOTO_ID_5666810669817182290\" \/><\/a>Boa noite, amigos cultos e ocultos! Nos \u00faltimos dias eu tenho andado meio desmotivado com o blog. N\u00e3o \u00e9 por qualquer motivo espec\u00edfico, apenas uma onda, creio eu. Percebo que se eu n\u00e3o fizer logo pela manh\u00e3 a bendita postagem, acabo, no resto do dia ficando assim&#8230; Hoje ent\u00e3o, que \u00e9 domingo, nem se fala. S\u00f3 partindo mesmo para o &#8216;chocolate&#8217;. Mas vamos ao que \u00e9 esperado, o disco do dia.<\/p>\n<div>Nos anos 60 e 70 era muito comum vermos (e ouvirmos) por a\u00ed discos de grupos vocais e corais formados em institui\u00e7\u00f5es de ensino. Parece que naqueles tempos havia uma preocupa\u00e7\u00e3o maior com o ensino e a pr\u00e1tica musical. Em qualquer escola, mesmo a mais simples, o estudante tinha uma no\u00e7\u00e3o b\u00e1sica do que \u00e9 a m\u00fasica. Aprendia pelo menos a conhecer as notas musicais. Hoje n\u00e3o \u00e9 bem assim. Talvez, por isso mesmo \u00e9 que eu acho interessante postar esses discos, na pior das hip\u00f3teses pela curiosidade. H\u00e1 sempre alguma surpresa&#8230;<\/div>\n<div>Temos ent\u00e3o este trabalho lan\u00e7ado no in\u00edcio dos anos 60 pelo grupo coral do Col\u00e9gio Arte e Educa\u00e7\u00e3o, uma tradicional entidade de ensino t\u00e9cnico, fundada no Rio de Janeiro. Me parece que esta escola j\u00e1 n\u00e3o existe mais. Um bom motivo para que a gente puxe aqui pela mem\u00f3ria, n\u00e3o \u00e9 mesmo? Certamente deve passar por aqui algu\u00e9m que um dia estudou nessa escola. Talvez at\u00e9 algum dos integrantes do disco. <\/div>\n<div>Por falar no disco, o \u00e1lbum traz um repert\u00f3rio bem variado, contemplando a m\u00fasica nacional e a estrangeira. Temas populares e de sucesso da \u00e9poca garantem a simpatia e a aprova\u00e7\u00e3o de quem escuta. Os arranjos s\u00e3o bons, principalmente os instrumentais (por favor, n\u00e3o entendam essa observa\u00e7\u00e3o como uma ironia), pois d\u00e3o aos vocais um complemento importante, valorizando ainda mais a m\u00fasica. Confiram a\u00ed&#8230; Eu de c\u00e1 vou de Tim Maia&#8230; &#8220;eu s\u00f3 quero chocolate&#8230;&#8221;<\/div>\n<div><\/div>\n<div style=\"text-align: center;\">i could have danced all night<\/div>\n<div style=\"text-align: center;\">can\u00e7\u00e3o do ex\u00f4do<\/div>\n<div style=\"text-align: center;\">it had to be you<\/div>\n<div style=\"text-align: center;\">ave maria do morro<\/div>\n<div style=\"text-align: center;\">os peixinhos do mar<\/div>\n<div style=\"text-align: center;\">over the rainbow<\/div>\n<div style=\"text-align: center;\">chica da silva<\/div>\n<div style=\"text-align: center;\">the green leaves of summer<\/div>\n<div style=\"text-align: center;\">lisboa antiga<\/div>\n<div style=\"text-align: center;\">caterine<\/div>\n<div style=\"text-align: center;\">aquarela do brasil<\/div>\n<div style=\"text-align: center;\">blue tail fly<\/div>\n<div style=\"text-align: center;\"><\/div>\n<div style=\"text-align: center;\"><\/div>\n","protected":false},"excerpt":{"rendered":"<p>Boa noite, amigos cultos e ocultos! Nos \u00faltimos dias eu tenho andado meio desmotivado com o blog. N\u00e3o \u00e9 por qualquer motivo espec\u00edfico, apenas uma onda, creio eu. Percebo que se eu n\u00e3o fizer logo pela manh\u00e3 a bendita postagem, &hellip; <a href=\"https:\/\/www.toque-musicall.com\/?p=269\">Continue lendo <span class=\"meta-nav\">&rarr;<\/span><\/a><\/p>\n","protected":false},"author":1,"featured_media":0,"comment_status":"open","ping_status":"closed","sticky":false,"template":"","format":"standard","meta":{"footnotes":""},"categories":[468,469],"tags":[],"class_list":["post-269","post","type-post","status-publish","format-standard","hentry","category-coral-do-colegio-arte-e-educacao","category-selo-masterplay"],"_links":{"self":[{"href":"https:\/\/www.toque-musicall.com\/index.php?rest_route=\/wp\/v2\/posts\/269","targetHints":{"allow":["GET"]}}],"collection":[{"href":"https:\/\/www.toque-musicall.com\/index.php?rest_route=\/wp\/v2\/posts"}],"about":[{"href":"https:\/\/www.toque-musicall.com\/index.php?rest_route=\/wp\/v2\/types\/post"}],"author":[{"embeddable":true,"href":"https:\/\/www.toque-musicall.com\/index.php?rest_route=\/wp\/v2\/users\/1"}],"replies":[{"embeddable":true,"href":"https:\/\/www.toque-musicall.com\/index.php?rest_route=%2Fwp%2Fv2%2Fcomments&post=269"}],"version-history":[{"count":0,"href":"https:\/\/www.toque-musicall.com\/index.php?rest_route=\/wp\/v2\/posts\/269\/revisions"}],"wp:attachment":[{"href":"https:\/\/www.toque-musicall.com\/index.php?rest_route=%2Fwp%2Fv2%2Fmedia&parent=269"}],"wp:term":[{"taxonomy":"category","embeddable":true,"href":"https:\/\/www.toque-musicall.com\/index.php?rest_route=%2Fwp%2Fv2%2Fcategories&post=269"},{"taxonomy":"post_tag","embeddable":true,"href":"https:\/\/www.toque-musicall.com\/index.php?rest_route=%2Fwp%2Fv2%2Ftags&post=269"}],"curies":[{"name":"wp","href":"https:\/\/api.w.org\/{rel}","templated":true}]}}