{"id":2696,"date":"2012-11-16T22:08:33","date_gmt":"2012-11-16T22:08:33","guid":{"rendered":"http:\/\/www.toque-musicall.com\/?p=2696"},"modified":"2012-11-17T09:23:17","modified_gmt":"2012-11-17T09:23:17","slug":"leo-rom-lua-azul-1960","status":"publish","type":"post","link":"https:\/\/www.toque-musicall.com\/?p=2696","title":{"rendered":"Leo Romano &#8211; Lua Azul (1960)"},"content":{"rendered":"<p><img loading=\"lazy\" decoding=\"async\" class=\"aligncenter\" src=\"http:\/\/2.bp.blogspot.com\/-NZj9hhTHpEo\/UKbPeHeNdoI\/AAAAAAAAE5s\/U4zzH47INHI\/s400\/capa+p.JPG\" alt=\"\" width=\"400\" height=\"398\" \/><img loading=\"lazy\" decoding=\"async\" class=\"aligncenter\" src=\"http:\/\/4.bp.blogspot.com\/-8i8wZ2MdAys\/UKbPYX-NAVI\/AAAAAAAAE5k\/TWf5DlDi7AQ\/s400\/contra+p.JPG\" alt=\"\" width=\"400\" height=\"399\" \/><\/p>\n<p>Boa noite, amigos cultos e ocultos! Com as novas altera\u00e7\u00f5es que fiz por aqui, j\u00e1 consigo perceber quem s\u00e3o realmente os interessados no Toque Musical. Creio que muita gente se associou porque queria baixar algum determinado disco, depois que conseguiu n\u00e3o deu mais bola, se acomodou e ficou esperando eu servir na bandeja. Digo isso porque j\u00e1 houve um \u2018Z\u00e9 Ruela\u2019, metido a besta, que me veio com essa. Servir de bandeja eu sirvo sim, mas tem que ser boa a gorjeta \ud83d\ude09 O certo \u00e9 que agora a coisa ficou mais justa. Acabo com esse neg\u00f3cio de s\u00f3 dar o link se algu\u00e9m pedir. Agora n\u00e3o precisa mais. Postei um \u00e1lbum, ele de imediato j\u00e1 vai estar l\u00e1, dispon\u00edvel no GTM.\u00a0 Bom, assim espero&#8230;:)<\/p>\n<p>Para esta sexta-feira com cara de s\u00e1bado eu venho trazendo um disco que por certo ir\u00e1 agradar muita gente. Leo Romano em seu \u00e1lbum \u201cLua Azul\u201d. Confesso que eu mesmo pouco o conhecia. Hoje, assistindo alguns filminhos no Youtube, dei de encontro com um v\u00eddeo que me chamou a aten\u00e7\u00e3o. Ouvindo a m\u00fasica, me lembrei do disco, o qual, por sorte eu j\u00e1 havia digitalizado. Da\u00ed, foi s\u00f3 busca-lo na minha discoteca virtual. E agora eu o apresento aqui para voc\u00eas.<\/p>\n<p>Segundo as informa\u00e7\u00f5es no pr\u00f3prio Youtube, soube que Leo Romano fez muito sucesso com este disco, em especial com a m\u00fasica \u201cLua Azul\u201d, a qual \u00e9 a do v\u00eddeo. Contam l\u00e1 que a m\u00fasica foi gravada em 1959. Leo Romano, conforme li no Dicion\u00e1rio Cravo Albin foi um cantor ga\u00facho. Estreou em grava\u00e7\u00f5es no in\u00edcio dos anos 50, contratado pela Sinter. Gravou por l\u00e1 alguns discos de 78 rpm e logo se transferiu para a Odeon. Nesta gravadora lan\u00e7ou outras bolachas e fez muito sucesso. Essas m\u00fasicas, juntamente com outras, foram ent\u00e3o lan\u00e7adas neste lp, em 1960, contando com a Orquestra e Coral de Luiz Arruda Paes.<\/p>\n<p>No repert\u00f3rio vamos encontrar um misto de coisas: samba, bolero, tango, rancheira, fox, calipso e ecos de rock (em seus prim\u00f3rdios) aplicados \u00e0 tarantela, m\u00fasica cigana. S\u00e3o m\u00fasicas, em sua maioria, estrangeiras em vers\u00f5es adaptadas. Segundo informam nos coment\u00e1rios do clipe no Youtube, v\u00e1rias dessas vers\u00f5es foram feitas por Sidney Esp\u00edrito Santo Moraes, um dos fundadores do Conjunto Farroupilha, tamb\u00e9m integrante do trio vocal Os Tr\u00eas Moraes. Leo Romano atuou at\u00e9 o in\u00edcio dos anos 70. Gravou mais de vinte discos e participou de tantos outros, colet\u00e2neas carnavalescas.<\/p>\n<p>Querem ouvi-lo? Ent\u00e3o corram l\u00e1 no GTM. Ele est\u00e1 \u00e0 espera de voc\u00eas \ud83d\ude42<\/p>\n<p align=\"center\">lua azul<\/p>\n<p align=\"center\">olha nos meus olhos<\/p>\n<p align=\"center\">sarita<\/p>\n<p align=\"center\">boa sorte<\/p>\n<p align=\"center\">louca<\/p>\n<p align=\"center\">minha vida<\/p>\n<p align=\"center\">alegria<\/p>\n<p align=\"center\">mar negro<\/p>\n<p align=\"center\">noites de moscou<\/p>\n<p align=\"center\">calypso ginga<\/p>\n<p align=\"center\">preciso amar<\/p>\n<p align=\"center\">remember this gumb\u00e1<\/p>\n<p align=\"center\">\n","protected":false},"excerpt":{"rendered":"<p>Boa noite, amigos cultos e ocultos! Com as novas altera\u00e7\u00f5es que fiz por aqui, j\u00e1 consigo perceber quem s\u00e3o realmente os interessados no Toque Musical. Creio que muita gente se associou porque queria baixar algum determinado disco, depois que conseguiu &hellip; <a href=\"https:\/\/www.toque-musicall.com\/?p=2696\">Continue lendo <span class=\"meta-nav\">&rarr;<\/span><\/a><\/p>\n","protected":false},"author":1,"featured_media":0,"comment_status":"open","ping_status":"closed","sticky":false,"template":"","format":"standard","meta":{"footnotes":""},"categories":[2074,86],"tags":[],"class_list":["post-2696","post","type-post","status-publish","format-standard","hentry","category-leo-romano","category-selo-odeon"],"_links":{"self":[{"href":"https:\/\/www.toque-musicall.com\/index.php?rest_route=\/wp\/v2\/posts\/2696","targetHints":{"allow":["GET"]}}],"collection":[{"href":"https:\/\/www.toque-musicall.com\/index.php?rest_route=\/wp\/v2\/posts"}],"about":[{"href":"https:\/\/www.toque-musicall.com\/index.php?rest_route=\/wp\/v2\/types\/post"}],"author":[{"embeddable":true,"href":"https:\/\/www.toque-musicall.com\/index.php?rest_route=\/wp\/v2\/users\/1"}],"replies":[{"embeddable":true,"href":"https:\/\/www.toque-musicall.com\/index.php?rest_route=%2Fwp%2Fv2%2Fcomments&post=2696"}],"version-history":[{"count":3,"href":"https:\/\/www.toque-musicall.com\/index.php?rest_route=\/wp\/v2\/posts\/2696\/revisions"}],"predecessor-version":[{"id":2699,"href":"https:\/\/www.toque-musicall.com\/index.php?rest_route=\/wp\/v2\/posts\/2696\/revisions\/2699"}],"wp:attachment":[{"href":"https:\/\/www.toque-musicall.com\/index.php?rest_route=%2Fwp%2Fv2%2Fmedia&parent=2696"}],"wp:term":[{"taxonomy":"category","embeddable":true,"href":"https:\/\/www.toque-musicall.com\/index.php?rest_route=%2Fwp%2Fv2%2Fcategories&post=2696"},{"taxonomy":"post_tag","embeddable":true,"href":"https:\/\/www.toque-musicall.com\/index.php?rest_route=%2Fwp%2Fv2%2Ftags&post=2696"}],"curies":[{"name":"wp","href":"https:\/\/api.w.org\/{rel}","templated":true}]}}