{"id":27,"date":"2012-06-18T22:55:00","date_gmt":"2012-06-18T22:55:00","guid":{"rendered":"http:\/\/www.toque-musicall.com\/?p=27"},"modified":"2012-06-18T22:55:00","modified_gmt":"2012-06-18T22:55:00","slug":"silvio-caldas-selecao-grand-record-brazil-vol-26-2012","status":"publish","type":"post","link":"https:\/\/www.toque-musicall.com\/?p=27","title":{"rendered":"S\u00edlvio Caldas &#8211; Sele\u00e7\u00e3o Grand Record Brazil &#8211; Vol. 26 (2012)"},"content":{"rendered":"<p><\/p>\n<div style=\"clear: both; text-align: center;\"><a href=\"http:\/\/1.bp.blogspot.com\/-Kj-RBviHkOc\/T9-xWF6zB9I\/AAAAAAAAC7g\/1fRp6RZNgTM\/s1600\/CAPAp.JPG\" style=\"margin-left: 1em; margin-right: 1em;\"><img loading=\"lazy\" decoding=\"async\" border=\"0\" height=\"400\" src=\"http:\/\/1.bp.blogspot.com\/-Kj-RBviHkOc\/T9-xWF6zB9I\/AAAAAAAAC7g\/1fRp6RZNgTM\/s400\/CAPAp.JPG\" width=\"400\" \/><\/a><\/div>\n<div style=\"clear: both; text-align: center;\"><a href=\"http:\/\/2.bp.blogspot.com\/-Dv7X8rAj11o\/T9-xSpBG3UI\/AAAAAAAAC7Y\/iSOBLL1x9Qw\/s1600\/CONTRACAPAp.JPG\" style=\"margin-left: 1em; margin-right: 1em;\"><img loading=\"lazy\" decoding=\"async\" border=\"0\" height=\"400\" src=\"http:\/\/2.bp.blogspot.com\/-Dv7X8rAj11o\/T9-xSpBG3UI\/AAAAAAAAC7Y\/iSOBLL1x9Qw\/s400\/CONTRACAPAp.JPG\" width=\"400\" \/><\/a><\/div>\n<div>Nesta vig\u00e9sima-sexta edi\u00e7\u00e3o, o Grand Record Brazil come\u00e7a a nos trazer alguns dos momentos mais expressivos de um cantor e compositor que marcou \u00e9poca: S\u00edlvio Narciso de Figueiredo Caldas, o sempre festejado \u201ccaboclinho querido\u201d, tamb\u00e9m carinhosamente chamado de \u201ctitio\u201d. Era carioca do bairro de S\u00e3o Crist\u00f3v\u00e3o, onde veio ao mundo no dia 23 de fevereiro de 1906, mas s\u00f3 seria registrado em 1908, segundo ele pr\u00f3prio declarou ao pesquisador, de saudosa mem\u00f3ria, Abel Cardoso J\u00fanior. Seu pai, Ant\u00f4nio (autor da valsa \u201cNeusa\u201d, hit de Orlando Silva), era dono de uma pequena loja de instrumentos musicais, e sua m\u00e3e, a ga\u00facha Dona Nen\u00e9m, era afamada modista. Nosso S\u00edlvio foi um talento precoce, pois j\u00e1 com cinco anos de idade apresentou-se no Teatro F\u00eanix, sendo presen\u00e7a requisitada tamb\u00e9m nas festas e nos clubes de S\u00e3o Crist\u00f3v\u00e3o. No carnaval, era saudado como \u201co rouxinol\u201d do bloco Fam\u00edlia Ideal. Embora mac\u00e9rrimo, foi o primeiro Rei Momo do carnaval carioca! Ap\u00f3s deixar\u00a0 o grupo escolar, trabalhou como mec\u00e2nico de autom\u00f3veis na Garagem Esperan\u00e7a, nessa condi\u00e7\u00e3o transferindo-se para S\u00e3o Paulo em 1924. Mas n\u00e3o esqueceu o viol\u00e3o. Quando volta ao seu Rio natal, atra\u00eddo pelo desenvolvimento por que ent\u00e3o passavam o r\u00e1dio e o disco, S\u00edlvio resolve entrar pra valer na carreira art\u00edstica, e \u00e9 levado pelo cantor de tangos Milonguita (Ant\u00f4nio Gomes) para cantar na R\u00e1dio Mayrink Veiga. No disco, iniciou-se em fevereiro de 1930 na Victor, alternando grava\u00e7\u00f5es nessa marca e na Brunswick, at\u00e9 ficar apenas na Victor, em virtude do fechamento da Brunswick. A princ\u00edpio, S\u00edlvio cantava basicamente marchinhas e sambas, e seu talento seresteiro iria se revelar a partir de 1934, atrav\u00e9s de sua important\u00edssima parceria com Orestes Barbosa, que produziu cl\u00e1ssicos inesquec\u00edveis, tais como \u201cSerenata\u201d, \u201cCh\u00e3o de estrelas\u201d e \u201cSuburbana\u201d. Um dos maiores defensores da MPB, S\u00edlvio Caldas jamais deixava de enfatizar a necessidade de sua preserva\u00e7\u00e3o, e at\u00e9 preconizava a inclus\u00e3o de seu ensino nas escolas. Nos \u00faltimos anos de vida, residiu em um s\u00edtio na cidade de Atibaia, interior de S\u00e3o Paulo, onde morreu no dia 3 de fevereiro de 1998. <\/div>\n<div>Nesta nossa primeira edi\u00e7\u00e3o do GRB com o grande S\u00edlvio Caldas, oferecemos a nossos amigos cultos, ocultos e associados doze precios\u00edssimas grava\u00e7\u00f5es. Abrindo esta sele\u00e7\u00e3o, esta joia de valsa, de autoria de Newton Teixeira e Jorge F\u00e1raj, a cl\u00e1ssica \u201cDeusa da minha rua\u201d, imortalizada por S\u00edlvio na Victor em 10 de julho de 1939, matriz 33118, e editada em setembro seguinte com o n\u00famero 34485-A. Muit\u00edssimo gravada, at\u00e9 mesmo por Roberto Carlos. A segunda faixa tamb\u00e9m \u00e9 muito conhecida e regravada: o samba (ou choro) \u201cDa cor do pecado\u201d, principal produto da inspira\u00e7\u00e3o do carioca Alberto de Castro Sim\u00f5es da Silva, o Boror\u00f3 (1898-1986). Vem a ser o lado B da faixa anterior, por\u00e9m gravado quatro dias antes, a 6 de julho de 1939, matriz 33110. Logo depois, da fase de S\u00edlvio na Continental, trazemos o choro \u201cPastora dos olhos castanhos\u201d, do violonista Horondino Silva, o Dino Sete Cordas, com letra de Alberto Ribeiro, e acompanhamento do regional do clarinetista potiguar (de Taipu) K-Ximbinho (Sebasti\u00e3o de Barros, 1917-1980). Grava\u00e7\u00e3o de 5 de agosto de 1946, por\u00e9m s\u00f3 lan\u00e7ada em julho de 47 com o n\u00famero 15786-B, matriz 1565. Trazemos tamb\u00e9m o lado A, que \u00e9 o samba \u201cN\u00e3o chores assim\u201d, do pr\u00f3prio S\u00edlvio Caldas mais Alberto Ribeiro, em grava\u00e7\u00e3o de 28 de agosto de 46, matriz 1585, e desta vez quem acompanha S\u00edlvio \u00e9 o regional do violonista Laurindo de Almeida (Miracatu, SP, 1917-Los Angeles, EUA, 1995), que desenvolveu bem-sucedida e premiada carreira nos EUA. Voltando \u00e0 Victor, um disco com duas regrava\u00e7\u00f5es, o de n\u00famero 34496, lan\u00e7ado em outubro de 1939. No lado A, um nome que come\u00e7a na palma da m\u00e3o de todo mundo: o samba-can\u00e7\u00e3o \u201cMaria\u201d, dos mestres Ary Barroso e Luiz Peixoto, originalmente registrado pelo pr\u00f3prio S\u00edlvio em 1932 e aqui em regrava\u00e7\u00e3o de 10 de julho de 1939, matriz 33119. O outro lado, gravado em 6 de julho desse ano, matriz 33115, \u00e9 outro cl\u00e1ssico de Ary, e tamb\u00e9m samba-can\u00e7\u00e3o, agora com letra de outro mestre, Lamartine Babo: \u201cNo rancho fundo\u201d, originalmente lan\u00e7ado em 1931 por Elisa Coelho e regravado at\u00e9 mesmo por Chit\u00e3ozinho e Xoror\u00f3! A preciosidade seguinte \u00e9 o samba \u201cAlgod\u00e3o\u201d, de Cust\u00f3dio Mesquita com letra do jornalista David Nasser, tamb\u00e9m parceiro de Francisco Alves em in\u00fameros hits. Aludindo ao sofrimento dos negros \u00e0 \u00e9poca da escravid\u00e3o no Brasil, foi imortalizado por S\u00edlvio na Victor em 7 de junho de 1944 com lan\u00e7amento em agosto seguinte, disco 80-0200-A, matriz S-052972. No lado B, que apresentamos em seguida, matriz S-052973, \u201cNoturno em tempo de samba\u201d, tamb\u00e9m de Cust\u00f3dio Mesquita, agora com seu parceiro mais constante, Evaldo Ruy. Em ambas as faixas, S\u00edlvio \u00e9 acompanhado pela orquestra do pr\u00f3prio Cust\u00f3dio. Recuando no tempo, encontraremos outro cl\u00e1ssico da valsa tupiniquim, \u201cSorris da minha dor\u201d, do niteroiense Paulo Medeiros, compositor e professor falecido prematuramente, aos 30 anos de idade, em 1941. Grava\u00e7\u00e3o Victor de 18 de agosto de 1938, lan\u00e7ada em outubro seguinte, disco 34367-B, matriz 80872, do qual apresentamos em seguida o lado A, do mesmo autor, matriz 80871, a valsa-can\u00e7\u00e3o \u201cFalsa felicidade\u201d. Encerrando esta primeira parte, duas composi\u00e7\u00f5es de Joubert de Carvalho, lan\u00e7adas em outubro de 1946 pela Continental no mesmo disco, o de n\u00famero 15712, gravado em 2 de agosto desse ano: a conhecida can\u00e7\u00e3o \u201cMinha casa\u201d, matriz 1563, cl\u00e1ssico regravado aos cachos, at\u00e9 mesmo por Agnaldo Tim\u00f3teo, e a valsa \u201cNunca soubeste amar\u201d, matriz 1564. Voc\u00eas n\u00e3o acham que est\u00e1 muito bom pra come\u00e7ar uma retrospectiva do grande S\u00edlvio Caldas? Ent\u00e3o recordem, apreciem e aguardem, que na semana que vem tem mais. At\u00e9 l\u00e1! <\/div>\n<div><\/div>\n<p><span style=\"font-family: 'Times New Roman'; font-size: 12pt;\">* <\/span><span style=\"font-family: 'Times New Roman'; font-size: 8pt;\">TEXTO DE<\/span><span style=\"font-family: 'Times New Roman'; font-size: 12pt;\"> <\/span><span style=\"font-family: 'Times New Roman'; font-size: 8pt;\">SAMUEL MACHADO FILHO<\/span><span style=\"font-family: 'Times New Roman'; font-size: 12pt;\">.<\/span><\/p>\n","protected":false},"excerpt":{"rendered":"<p>Nesta vig\u00e9sima-sexta edi\u00e7\u00e3o, o Grand Record Brazil come\u00e7a a nos trazer alguns dos momentos mais expressivos de um cantor e compositor que marcou \u00e9poca: S\u00edlvio Narciso de Figueiredo Caldas, o sempre festejado \u201ccaboclinho querido\u201d, tamb\u00e9m carinhosamente chamado de \u201ctitio\u201d. Era &hellip; <a href=\"https:\/\/www.toque-musicall.com\/?p=27\">Continue lendo <span class=\"meta-nav\">&rarr;<\/span><\/a><\/p>\n","protected":false},"author":1,"featured_media":0,"comment_status":"open","ping_status":"closed","sticky":false,"template":"","format":"standard","meta":{"footnotes":""},"categories":[11,13,12],"tags":[],"class_list":["post-27","post","type-post","status-publish","format-standard","hentry","category-exclusivos-do-toque-musical","category-selo-grand-record-brazil","category-silvio-caldas"],"_links":{"self":[{"href":"https:\/\/www.toque-musicall.com\/index.php?rest_route=\/wp\/v2\/posts\/27","targetHints":{"allow":["GET"]}}],"collection":[{"href":"https:\/\/www.toque-musicall.com\/index.php?rest_route=\/wp\/v2\/posts"}],"about":[{"href":"https:\/\/www.toque-musicall.com\/index.php?rest_route=\/wp\/v2\/types\/post"}],"author":[{"embeddable":true,"href":"https:\/\/www.toque-musicall.com\/index.php?rest_route=\/wp\/v2\/users\/1"}],"replies":[{"embeddable":true,"href":"https:\/\/www.toque-musicall.com\/index.php?rest_route=%2Fwp%2Fv2%2Fcomments&post=27"}],"version-history":[{"count":0,"href":"https:\/\/www.toque-musicall.com\/index.php?rest_route=\/wp\/v2\/posts\/27\/revisions"}],"wp:attachment":[{"href":"https:\/\/www.toque-musicall.com\/index.php?rest_route=%2Fwp%2Fv2%2Fmedia&parent=27"}],"wp:term":[{"taxonomy":"category","embeddable":true,"href":"https:\/\/www.toque-musicall.com\/index.php?rest_route=%2Fwp%2Fv2%2Fcategories&post=27"},{"taxonomy":"post_tag","embeddable":true,"href":"https:\/\/www.toque-musicall.com\/index.php?rest_route=%2Fwp%2Fv2%2Ftags&post=27"}],"curies":[{"name":"wp","href":"https:\/\/api.w.org\/{rel}","templated":true}]}}