{"id":2700,"date":"2012-11-17T23:33:11","date_gmt":"2012-11-17T23:33:11","guid":{"rendered":"http:\/\/www.toque-musicall.com\/?p=2700"},"modified":"2012-11-18T01:57:36","modified_gmt":"2012-11-18T01:57:36","slug":"luiz-bonfa-recado-novo-1963","status":"publish","type":"post","link":"https:\/\/www.toque-musicall.com\/?p=2700","title":{"rendered":"Luiz Bonf\u00e1 &#8211; Recado Novo (1963)"},"content":{"rendered":"<p><img loading=\"lazy\" decoding=\"async\" class=\"aligncenter\" src=\"http:\/\/3.bp.blogspot.com\/-p6EGswHc6sM\/UKg6FMGuRqI\/AAAAAAAAE6w\/gwzhv8960cE\/s400\/CAPA+P.JPG\" alt=\"\" width=\"400\" height=\"394\" \/><img loading=\"lazy\" decoding=\"async\" class=\"aligncenter\" src=\"http:\/\/2.bp.blogspot.com\/-QCZo--OkeoM\/UKg5-mY2tPI\/AAAAAAAAE6o\/MNk6fMJp-vA\/s400\/CONTRA+P.JPG\" alt=\"\" width=\"400\" height=\"394\" \/><\/p>\n<p>Passei o dia ensaiando a postagem, mas a pregui\u00e7a foi tanta que acabei deixando para a \u00faltima hora. Para n\u00e3o dizerem que esqueci do Luiz Bonf\u00e1, segue aqui um segundo disco no Toque Musical. Desta vez vamos com o \u00e1lbum \u201cRecado Novo\u201d, gravado em 1963, com dire\u00e7\u00e3o art\u00edstica de Ribamar. Trata-se de um disco dos mais interessantes de Bonf\u00e1, onde ele al\u00e9m de executar seu viol\u00e3o, ainda canta. Traz tamb\u00e9m um repert\u00f3rio fino, onde quase toda as m\u00fasicas s\u00e3o de sua autoria junto com a esposa, a cantora Maria Helena Toledo. Cabe ainda \u201cFio da can\u00e7\u00e3o\u201d e \u201cChorou, chorou\u201d, de Luiz Ant\u00f4nio. Um bel\u00edssimo trabalho que conta tamb\u00e9m com a participa\u00e7\u00e3o de Dalva Andrade fazendo a vocaliza\u00e7\u00e3o na faixa \u201cCan\u00e7\u00e3o do mar\u201d. Muito bom. Eu recomendo \ud83d\ude09<\/p>\n<p align=\"center\">menina flor<\/p>\n<p align=\"center\">amor demais<\/p>\n<p align=\"center\">mania de Maria<\/p>\n<p align=\"center\">melancolia<\/p>\n<p align=\"center\">saudade vem correndo<\/p>\n<p align=\"center\">can\u00e7\u00e3o do mar<\/p>\n<p align=\"center\">fio de can\u00e7\u00e3o<\/p>\n<p align=\"center\">sem esse c\u00e9u<\/p>\n<p align=\"center\">cheiro de saudade<\/p>\n<p align=\"center\">reverso do verso<\/p>\n<p align=\"center\">indiferen\u00e7a<\/p>\n<p align=\"center\">chorou, chorou<\/p>\n","protected":false},"excerpt":{"rendered":"<p>Passei o dia ensaiando a postagem, mas a pregui\u00e7a foi tanta que acabei deixando para a \u00faltima hora. Para n\u00e3o dizerem que esqueci do Luiz Bonf\u00e1, segue aqui um segundo disco no Toque Musical. Desta vez vamos com o \u00e1lbum &hellip; <a href=\"https:\/\/www.toque-musicall.com\/?p=2700\">Continue lendo <span class=\"meta-nav\">&rarr;<\/span><\/a><\/p>\n","protected":false},"author":1,"featured_media":0,"comment_status":"open","ping_status":"closed","sticky":false,"template":"","format":"standard","meta":{"footnotes":""},"categories":[2069,86],"tags":[],"class_list":["post-2700","post","type-post","status-publish","format-standard","hentry","category-luiz-bonfa","category-selo-odeon"],"_links":{"self":[{"href":"https:\/\/www.toque-musicall.com\/index.php?rest_route=\/wp\/v2\/posts\/2700","targetHints":{"allow":["GET"]}}],"collection":[{"href":"https:\/\/www.toque-musicall.com\/index.php?rest_route=\/wp\/v2\/posts"}],"about":[{"href":"https:\/\/www.toque-musicall.com\/index.php?rest_route=\/wp\/v2\/types\/post"}],"author":[{"embeddable":true,"href":"https:\/\/www.toque-musicall.com\/index.php?rest_route=\/wp\/v2\/users\/1"}],"replies":[{"embeddable":true,"href":"https:\/\/www.toque-musicall.com\/index.php?rest_route=%2Fwp%2Fv2%2Fcomments&post=2700"}],"version-history":[{"count":1,"href":"https:\/\/www.toque-musicall.com\/index.php?rest_route=\/wp\/v2\/posts\/2700\/revisions"}],"predecessor-version":[{"id":2701,"href":"https:\/\/www.toque-musicall.com\/index.php?rest_route=\/wp\/v2\/posts\/2700\/revisions\/2701"}],"wp:attachment":[{"href":"https:\/\/www.toque-musicall.com\/index.php?rest_route=%2Fwp%2Fv2%2Fmedia&parent=2700"}],"wp:term":[{"taxonomy":"category","embeddable":true,"href":"https:\/\/www.toque-musicall.com\/index.php?rest_route=%2Fwp%2Fv2%2Fcategories&post=2700"},{"taxonomy":"post_tag","embeddable":true,"href":"https:\/\/www.toque-musicall.com\/index.php?rest_route=%2Fwp%2Fv2%2Ftags&post=2700"}],"curies":[{"name":"wp","href":"https:\/\/api.w.org\/{rel}","templated":true}]}}