{"id":2702,"date":"2012-11-18T14:06:24","date_gmt":"2012-11-18T14:06:24","guid":{"rendered":"http:\/\/www.toque-musicall.com\/?p=2702"},"modified":"2012-11-18T14:06:24","modified_gmt":"2012-11-18T14:06:24","slug":"geraldo-vespar-eu-e-o-violao-1968","status":"publish","type":"post","link":"https:\/\/www.toque-musicall.com\/?p=2702","title":{"rendered":"Geraldo Vespar &#8211; Eu E O Viol\u00e3o (1968)"},"content":{"rendered":"<p><img loading=\"lazy\" decoding=\"async\" class=\"aligncenter\" src=\"http:\/\/1.bp.blogspot.com\/-X-ML81FSS1w\/UKjqQ_QexZI\/AAAAAAAAE70\/BEQ_IuueY1M\/s400\/capa+p.JPG\" alt=\"\" width=\"398\" height=\"400\" \/><img loading=\"lazy\" decoding=\"async\" class=\"aligncenter\" src=\"http:\/\/4.bp.blogspot.com\/-ttuF3bxTUR4\/UKjqMpUY_WI\/AAAAAAAAE7s\/BImrse9BniU\/s400\/contrap.JPG\" alt=\"\" width=\"386\" height=\"400\" \/><\/p>\n<p>Bom dia a todos, amigos cultos e ocultos! Hoje eu acordei muito bem disposto. Nada como uma boa noite de sono. Melhor ainda com tantos e-mails e coment\u00e1rios. Percebo que por mais que eu quisesse, acho que nunca poderia fechar esse blog. O \u00edndice de popularidade e a quantos ele atinge \u00e9 maior do que eu imaginava. A gente percebe isso at\u00e9 pelo amor invertido ao Toque Musical. Adoro isso&#8230; \ud83d\ude09 Dizem que eu sou pol\u00eamico, mas a verdade \u00e9 que sem agita\u00e7\u00e3o as coisas n\u00e3o se transformam. Talvez seja por isso o Toque Musical tem passado por tantas mudan\u00e7as e ao contr\u00e1rio da maioria dos outros blogs se renova em seu conceito. E nessas mudan\u00e7as fica claro, s\u00f3 permanecem no \u2018barco\u2019 quem realmente gosta de navegar ao lado do comandante Augusto TM. O Toque Musical, vez por outra, p\u00e1ra em algum porto, mas logo volta ao mar. Quem desceu do barco e n\u00e3o seguiu as regras para retornar, ficou a ver navios ou est\u00e1 dando bra\u00e7adas tentando nos alcan\u00e7ar. Mas n\u00e3o tem nada n\u00e3o, eu continuo jogando os botes salva-vidas. Aqui, ningu\u00e9m fica de fora, at\u00e9 mesmo os ratos de por\u00e3o. Afinal precisamos ter alguma coisa para alimentar os clandestinos.<\/p>\n<p>Sei que muitos aqui n\u00e3o devem estar se perguntando, que discurso \u00e9 esse? N\u00e3o \u00e9 nada, liga n\u00e3o, apenas uma introdu\u00e7\u00e3o ao gosto de um certo Z\u00e9 Ruela. \ud83d\ude09<\/p>\n<p>Bom, mas vamos ao que interessa. Olha a\u00ed o disco que tenho hoje para voc\u00eas. Vamos com o violonista, compositor e arranjador Geraldo Vespar, fazendo a sua estr\u00e9ia solo aqui no TM. Vespar \u00e9 um desses m\u00fasicos imprescind\u00edveis \u00e0 m\u00fasica popular brasileira e tamb\u00e9m, porque n\u00e3o dizer \u00e0 internacional, como integrande da Orquestra de Paul Mauriat. Sua traget\u00f3ria come\u00e7a nos anos 50. Tocou com os mais diversos artistas. Est\u00e1 presente em tantos outros discos importantes, assim como em trilhas para cinema e televis\u00e3o. O cara \u00e9 mesmo muito bom. Neste \u00e1lbum, lan\u00e7ado em 1968 pela Odeon, atrav\u00e9s do selo Parlophone, vamos encontra-lo bem a vontade com seu viol\u00e3o, tocando m\u00fasicas consagradas de diversos e \u00f3timos compositores. Apenas uma das faixas \u00e9 de sua autoria, ali\u00e1s, uma faixa dupla, digamos assim, \u201cPor que?\u201d, em parceria com M\u00e1rio Telles e \u201cBourr\u00e9\u201d. Ta\u00ed um excelente disco para se ouvir neste doming\u00e3o. Querem conferir? V\u00e3o l\u00e1 no <a href=\"https:\/\/groups.google.com\/d\/forum\/toquelinkmusical\">GTM<\/a> \ud83d\ude42<\/p>\n<p align=\"center\">s\u00e1 marina<\/p>\n<p align=\"center\">eu e a brisa<\/p>\n<p align=\"center\">desencontro<\/p>\n<p align=\"center\">feti\u00e7o da vila<\/p>\n<p align=\"center\">viola enluarada<\/p>\n<p align=\"center\">por que? \/ bourr\u00e9<\/p>\n<p align=\"center\">corcovado<\/p>\n<p align=\"center\">at\u00e9 segunda feira<\/p>\n<p align=\"center\">no brilho da faca<\/p>\n<p align=\"center\">mancada<\/p>\n<p align=\"center\">ol\u00e9 ol\u00e1<\/p>\n<p align=\"center\">lapinha<\/p>\n<p align=\"center\">\n<p align=\"center\">\n","protected":false},"excerpt":{"rendered":"<p>Bom dia a todos, amigos cultos e ocultos! Hoje eu acordei muito bem disposto. Nada como uma boa noite de sono. Melhor ainda com tantos e-mails e coment\u00e1rios. Percebo que por mais que eu quisesse, acho que nunca poderia fechar &hellip; <a href=\"https:\/\/www.toque-musicall.com\/?p=2702\">Continue lendo <span class=\"meta-nav\">&rarr;<\/span><\/a><\/p>\n","protected":false},"author":1,"featured_media":0,"comment_status":"open","ping_status":"closed","sticky":false,"template":"","format":"standard","meta":{"footnotes":""},"categories":[2075,113],"tags":[],"class_list":["post-2702","post","type-post","status-publish","format-standard","hentry","category-geraldo-vespar","category-selo-parlophone"],"_links":{"self":[{"href":"https:\/\/www.toque-musicall.com\/index.php?rest_route=\/wp\/v2\/posts\/2702","targetHints":{"allow":["GET"]}}],"collection":[{"href":"https:\/\/www.toque-musicall.com\/index.php?rest_route=\/wp\/v2\/posts"}],"about":[{"href":"https:\/\/www.toque-musicall.com\/index.php?rest_route=\/wp\/v2\/types\/post"}],"author":[{"embeddable":true,"href":"https:\/\/www.toque-musicall.com\/index.php?rest_route=\/wp\/v2\/users\/1"}],"replies":[{"embeddable":true,"href":"https:\/\/www.toque-musicall.com\/index.php?rest_route=%2Fwp%2Fv2%2Fcomments&post=2702"}],"version-history":[{"count":1,"href":"https:\/\/www.toque-musicall.com\/index.php?rest_route=\/wp\/v2\/posts\/2702\/revisions"}],"predecessor-version":[{"id":2703,"href":"https:\/\/www.toque-musicall.com\/index.php?rest_route=\/wp\/v2\/posts\/2702\/revisions\/2703"}],"wp:attachment":[{"href":"https:\/\/www.toque-musicall.com\/index.php?rest_route=%2Fwp%2Fv2%2Fmedia&parent=2702"}],"wp:term":[{"taxonomy":"category","embeddable":true,"href":"https:\/\/www.toque-musicall.com\/index.php?rest_route=%2Fwp%2Fv2%2Fcategories&post=2702"},{"taxonomy":"post_tag","embeddable":true,"href":"https:\/\/www.toque-musicall.com\/index.php?rest_route=%2Fwp%2Fv2%2Ftags&post=2702"}],"curies":[{"name":"wp","href":"https:\/\/api.w.org\/{rel}","templated":true}]}}