{"id":2704,"date":"2012-11-18T17:55:49","date_gmt":"2012-11-18T17:55:49","guid":{"rendered":"http:\/\/www.toque-musicall.com\/?p=2704"},"modified":"2012-11-18T17:55:49","modified_gmt":"2012-11-18T17:55:49","slug":"moacyr-franco-compacto-1963","status":"publish","type":"post","link":"https:\/\/www.toque-musicall.com\/?p=2704","title":{"rendered":"Moacyr Franco &#8211; Compacto (1963)"},"content":{"rendered":"<p><img loading=\"lazy\" decoding=\"async\" class=\"aligncenter\" src=\"http:\/\/2.bp.blogspot.com\/-8opY7P27W_A\/UKkdgL_A5UI\/AAAAAAAAE84\/WowrgmoVe6A\/s400\/capap.JPG\" alt=\"\" width=\"399\" height=\"400\" \/><img loading=\"lazy\" decoding=\"async\" class=\"aligncenter\" src=\"http:\/\/3.bp.blogspot.com\/-6DU8Sydy1l0\/UKkdblin4GI\/AAAAAAAAE8w\/pNnViov23yo\/s400\/contra+p.JPG\" alt=\"\" width=\"392\" height=\"400\" \/><\/p>\n<p>E eu j\u00e1 ia deixar passar batido, sem o compacto da semana. Nem me lembrei. Como ainda \u00e9 domingo, vou logo cumprindo o prometido, um compacto por semana.<\/p>\n<p>Segue aqui este que \u00e9 duplo, ou seja, com duas m\u00fasicas em cada lado. Onde ele interpreta \u201cTender is the night\u201d em vers\u00e3o de Nazerno de Brito; o sucesso \u201cNingu\u00e9m chora por mim\u201d da dupla Evaldo Gouveia e Jair Amorim e as humoradas \u201cToureiro suburbano\u201d, de Haroldo Barbosa e Luis Reis e \u201cMeu querido lindo\u201d, m\u00fasica de sua autoria em parceria com Canarinho. N\u00e3o tenho certeza, mas creio que o disquinho \u00e9 de 1963. Uma produ\u00e7\u00e3o de Nazareno de Brito, com arranjos de Pachequinho, Severino Ara\u00fajo e Ted Moreno.<\/p>\n<p align=\"center\">meu querido lindo<\/p>\n<p align=\"center\">suave \u00e9 a noite<\/p>\n<p align=\"center\">ningu\u00e9m chora por mim<\/p>\n<p align=\"center\">toureiro suburbano<\/p>\n<p align=\"center\">\n","protected":false},"excerpt":{"rendered":"<p>E eu j\u00e1 ia deixar passar batido, sem o compacto da semana. Nem me lembrei. Como ainda \u00e9 domingo, vou logo cumprindo o prometido, um compacto por semana. Segue aqui este que \u00e9 duplo, ou seja, com duas m\u00fasicas em &hellip; <a href=\"https:\/\/www.toque-musicall.com\/?p=2704\">Continue lendo <span class=\"meta-nav\">&rarr;<\/span><\/a><\/p>\n","protected":false},"author":1,"featured_media":0,"comment_status":"open","ping_status":"closed","sticky":false,"template":"","format":"standard","meta":{"footnotes":""},"categories":[736,152],"tags":[],"class_list":["post-2704","post","type-post","status-publish","format-standard","hentry","category-moacir-franco","category-selo-copacabana"],"_links":{"self":[{"href":"https:\/\/www.toque-musicall.com\/index.php?rest_route=\/wp\/v2\/posts\/2704","targetHints":{"allow":["GET"]}}],"collection":[{"href":"https:\/\/www.toque-musicall.com\/index.php?rest_route=\/wp\/v2\/posts"}],"about":[{"href":"https:\/\/www.toque-musicall.com\/index.php?rest_route=\/wp\/v2\/types\/post"}],"author":[{"embeddable":true,"href":"https:\/\/www.toque-musicall.com\/index.php?rest_route=\/wp\/v2\/users\/1"}],"replies":[{"embeddable":true,"href":"https:\/\/www.toque-musicall.com\/index.php?rest_route=%2Fwp%2Fv2%2Fcomments&post=2704"}],"version-history":[{"count":1,"href":"https:\/\/www.toque-musicall.com\/index.php?rest_route=\/wp\/v2\/posts\/2704\/revisions"}],"predecessor-version":[{"id":2705,"href":"https:\/\/www.toque-musicall.com\/index.php?rest_route=\/wp\/v2\/posts\/2704\/revisions\/2705"}],"wp:attachment":[{"href":"https:\/\/www.toque-musicall.com\/index.php?rest_route=%2Fwp%2Fv2%2Fmedia&parent=2704"}],"wp:term":[{"taxonomy":"category","embeddable":true,"href":"https:\/\/www.toque-musicall.com\/index.php?rest_route=%2Fwp%2Fv2%2Fcategories&post=2704"},{"taxonomy":"post_tag","embeddable":true,"href":"https:\/\/www.toque-musicall.com\/index.php?rest_route=%2Fwp%2Fv2%2Ftags&post=2704"}],"curies":[{"name":"wp","href":"https:\/\/api.w.org\/{rel}","templated":true}]}}