{"id":271,"date":"2011-10-21T10:07:00","date_gmt":"2011-10-21T10:07:00","guid":{"rendered":"http:\/\/www.toque-musicall.com\/?p=271"},"modified":"2011-10-21T10:07:00","modified_gmt":"2011-10-21T10:07:00","slug":"junia-horta-espacos-1981","status":"publish","type":"post","link":"https:\/\/www.toque-musicall.com\/?p=271","title":{"rendered":"Junia Horta &#8211; Espa\u00e7os (1981)"},"content":{"rendered":"<p><a href=\"http:\/\/2.bp.blogspot.com\/-32xblUuCJp8\/TqFFpQgBNVI\/AAAAAAAAAd8\/Z4JEID37dlo\/s1600\/junia+P.JPG\"><img decoding=\"async\" style=\"display:block; margin:0px auto 10px; text-align:center;cursor:pointer; cursor:hand;width: 400px; height: 400px;\" src=\"http:\/\/2.bp.blogspot.com\/-32xblUuCJp8\/TqFFpQgBNVI\/AAAAAAAAAd8\/Z4JEID37dlo\/s400\/junia+P.JPG\" border=\"0\" alt=\"\" id=\"BLOGGER_PHOTO_ID_5665886381315011922\" \/><\/a>Bom dia a todos! Eu havia digitalizado alguns discos de artistas mineiros, independentes para um amigo. Indiquei a ele o Mediafire como suporte de armazenamento de seus arquivos. Mas acho que o cara deixou a &#8216;torneira&#8217; aberta, pois percebo que agora que esses mesmos arquivos est\u00e3o a deriva, espalhados pela rede e o coitado nem deve ter se dado conta disso. L\u00e1 vou eu ent\u00e3o resgatando os independentes perdidos. Deixa eu traz\u00ea-los para o lugar certo. De volta a fonte, com direito a uma nova filtragem.<\/p>\n<div>Entre os tantos que vou encontrando, para hoje temos este bel\u00edssimo trabalho da J\u00fania Horta, &#8220;Espa\u00e7os&#8221;, disco independente lan\u00e7ado em 1981. H\u00e1 uns dois anos atr\u00e1s eu postei aqui <a href=\"http:\/\/toque-musical.blogspot.com\/2009\/01\/junia-horta-nao-me-lembre-demais-nem-me_07.html\">um outro disco dela<\/a> e at\u00e9 pensei que fosse o primeiro, o trabalho era de 83. Como eu n\u00e3o conhe\u00e7o nenhum outro \u00e1lbum da artista, na dedu\u00e7\u00e3o, imagino que o primeiro foi este que agora apresento.<\/div>\n<div>Na mesma linha de &#8220;<a href=\"http:\/\/toque-musical.blogspot.com\/2009\/01\/junia-horta-nao-me-lembre-demais-nem-me_07.html\">N\u00e3o me lembre demais e nem me esque\u00e7a<\/a>&#8220;. &#8220;Espa\u00e7os&#8221; \u00e9 um trabalho muito consistente e agrad\u00e1vel. Todas as m\u00fasicas s\u00e3o de J\u00fania, algumas em parceria. Ela conta neste lp com a participa\u00e7\u00e3o e a for\u00e7a de muita gente boa. Figuras como o primo Toninho Horta, A\u00e9cio Fl\u00e1vio, Marco Antonio Ara\u00fajo e Jane Duboc n\u00e3o deixam de ser destaque na produ\u00e7\u00e3o e grava\u00e7\u00e3o deste disco. O \u00e1lbum foi gravado, parte em Belo Horizonte, pelo Dirceu Cheib e outra no Rio de Janeiro, pelo Ed Lincoln. A capa, por sinal, muito bonita (se o \u00e1lbum estiver novo!) traz uma gravura da artista pl\u00e1stica mineira Mi\u00fara Bellavinha. As duas faixas instrumentais, &#8220;Espa\u00e7os&#8221; e &#8220;Sinais da pedra&#8221; foram compostas para a trilha sonora do filme &#8220;Sinais da Pedra, de Paulo Augusto Gomes. Ta\u00ed uma boa pedida para a sexta independente \ud83d\ude09<\/div>\n<div><\/div>\n<div style=\"text-align: center;\">tartaruga voou<\/div>\n<div style=\"text-align: center;\">nave estrela<\/div>\n<div style=\"text-align: center;\">pois sim, pois \u00e9<\/div>\n<div style=\"text-align: center;\">visita<\/div>\n<div style=\"text-align: center;\">espa\u00e7os<\/div>\n<div style=\"text-align: center;\">quem dera<\/div>\n<div style=\"text-align: center;\">as irm\u00e3s<\/div>\n<div style=\"text-align: center;\">estrela escondida<\/div>\n<div style=\"text-align: center;\">e agora?<\/div>\n<div style=\"text-align: center;\">valsa do juca<\/div>\n<div style=\"text-align: center;\">sinais da pedra<\/div>\n<div style=\"text-align: center;\"><\/div>\n<div style=\"text-align: center;\"><\/div>\n","protected":false},"excerpt":{"rendered":"<p>Bom dia a todos! Eu havia digitalizado alguns discos de artistas mineiros, independentes para um amigo. Indiquei a ele o Mediafire como suporte de armazenamento de seus arquivos. Mas acho que o cara deixou a &#8216;torneira&#8217; aberta, pois percebo que &hellip; <a href=\"https:\/\/www.toque-musicall.com\/?p=271\">Continue lendo <span class=\"meta-nav\">&rarr;<\/span><\/a><\/p>\n","protected":false},"author":1,"featured_media":0,"comment_status":"open","ping_status":"closed","sticky":false,"template":"","format":"standard","meta":{"footnotes":""},"categories":[473,472,25,471],"tags":[],"class_list":["post-271","post","type-post","status-publish","format-standard","hentry","category-jane-duboc","category-junia-horta","category-selo-independente","category-toninho-horta"],"_links":{"self":[{"href":"https:\/\/www.toque-musicall.com\/index.php?rest_route=\/wp\/v2\/posts\/271","targetHints":{"allow":["GET"]}}],"collection":[{"href":"https:\/\/www.toque-musicall.com\/index.php?rest_route=\/wp\/v2\/posts"}],"about":[{"href":"https:\/\/www.toque-musicall.com\/index.php?rest_route=\/wp\/v2\/types\/post"}],"author":[{"embeddable":true,"href":"https:\/\/www.toque-musicall.com\/index.php?rest_route=\/wp\/v2\/users\/1"}],"replies":[{"embeddable":true,"href":"https:\/\/www.toque-musicall.com\/index.php?rest_route=%2Fwp%2Fv2%2Fcomments&post=271"}],"version-history":[{"count":0,"href":"https:\/\/www.toque-musicall.com\/index.php?rest_route=\/wp\/v2\/posts\/271\/revisions"}],"wp:attachment":[{"href":"https:\/\/www.toque-musicall.com\/index.php?rest_route=%2Fwp%2Fv2%2Fmedia&parent=271"}],"wp:term":[{"taxonomy":"category","embeddable":true,"href":"https:\/\/www.toque-musicall.com\/index.php?rest_route=%2Fwp%2Fv2%2Fcategories&post=271"},{"taxonomy":"post_tag","embeddable":true,"href":"https:\/\/www.toque-musicall.com\/index.php?rest_route=%2Fwp%2Fv2%2Ftags&post=271"}],"curies":[{"name":"wp","href":"https:\/\/api.w.org\/{rel}","templated":true}]}}