{"id":2710,"date":"2012-11-21T23:56:59","date_gmt":"2012-11-21T23:56:59","guid":{"rendered":"http:\/\/www.toque-musicall.com\/?p=2710"},"modified":"2012-11-21T23:56:59","modified_gmt":"2012-11-21T23:56:59","slug":"baden-powell-a-vontade-1963","status":"publish","type":"post","link":"https:\/\/www.toque-musicall.com\/?p=2710","title":{"rendered":"Baden Powell &#8211; A Vontade (1963)"},"content":{"rendered":"<p><img loading=\"lazy\" decoding=\"async\" class=\"aligncenter\" src=\"http:\/\/3.bp.blogspot.com\/-CIlUqf1wKQk\/UK1gyF9VDZI\/AAAAAAAAFA0\/mSw32R2o81g\/s400\/capa+P.JPG\" alt=\"\" width=\"398\" height=\"400\" \/><img loading=\"lazy\" decoding=\"async\" class=\"aligncenter\" src=\"http:\/\/1.bp.blogspot.com\/-Wi9lI-UFS70\/UK1gDU6Gq-I\/AAAAAAAAFAs\/G6QTcMQAa-Q\/s400\/contra+P.JPG\" alt=\"\" width=\"400\" height=\"397\" \/><\/p>\n<p>Boa noite, amigos cultos e ocultos! C\u00e1 estou, um tanto atrasado, mas sempre presente. Talvez at\u00e9 atrasado para a apresenta\u00e7\u00e3o deste lp de Baden Powell. Por certo, todos aqui j\u00e1 o conhecem bem, mesmo assim fa\u00e7o quest\u00e3o de post\u00e1-lo aqui no Toque Musical, afinal, n\u00e3o \u00e9 em qualquer lugar que se acha um \u2018arquivinho completo\u201d, com capa, contracapa e selo, bem original \ud83d\ude42 Eis ent\u00e3o o nosso toque do dia. Bem \u00e0 vontade, vai aqui o grande Baden com seu viol\u00e3o, cheio de samba e de bossa, em composi\u00e7\u00f5es pr\u00f3prias, parcerias e mais uns tantos cl\u00e1ssicos que fazem deste \u00e1lbum tamb\u00e9m um cl\u00e1ssico. Baden vem acompanhado apenas, e em algumas faixa, de Jorge Ferreira da Silva (na flauta), Jo\u00e3o Batista Stockler (na batera) e Pedro (Sorongo) Santos (no seu Sorongo). Com uma capa super bonita &#8211; desenho e cria\u00e7\u00e3o de Cesar Villela, o homem das artes gr\u00e1ficas, respons\u00e1vel por tantas outras que deram uma identidade visual \u00e0 Elenco \u2013 o \u00e1lbum est\u00e1 perfeito! Podemos tamb\u00e9m apreciar a contracapa, com fotos onde aparecem ao lado de Baden as ilustres figuras de Nara Le\u00e3o, Caymmi, Tom, Menecal e Odette Lara. N\u00e3o sei bem qual foi o motivo dessas fotos, pois nenhum deles participam do disco. Talvez tenha sido mais como uma esp\u00e9cie de \u2018aval\u2019 para um m\u00fasico em seu segundo disco. Maravilha total. Este \u00e9 curtir e curtir&#8230; (putz, como estou repetitivo!)<\/p>\n<p align=\"center\">garota de ipanema<\/p>\n<p align=\"center\">berimbau<\/p>\n<p align=\"center\">o astronauta<\/p>\n<p align=\"center\">consolo\u00e7\u00e3o<\/p>\n<p align=\"center\">sorongaio<\/p>\n<p align=\"center\">samba do avi\u00e3o<\/p>\n<p align=\"center\">saudades da bahia<\/p>\n<p align=\"center\">candombl\u00e9<\/p>\n<p align=\"center\">conversa de poeta<\/p>\n<p align=\"center\">samba triste<\/p>\n<p align=\"center\">\n<p>&nbsp;<\/p>\n","protected":false},"excerpt":{"rendered":"<p>Boa noite, amigos cultos e ocultos! C\u00e1 estou, um tanto atrasado, mas sempre presente. Talvez at\u00e9 atrasado para a apresenta\u00e7\u00e3o deste lp de Baden Powell. Por certo, todos aqui j\u00e1 o conhecem bem, mesmo assim fa\u00e7o quest\u00e3o de post\u00e1-lo aqui &hellip; <a href=\"https:\/\/www.toque-musicall.com\/?p=2710\">Continue lendo <span class=\"meta-nav\">&rarr;<\/span><\/a><\/p>\n","protected":false},"author":1,"featured_media":0,"comment_status":"open","ping_status":"closed","sticky":false,"template":"","format":"standard","meta":{"footnotes":""},"categories":[391,427],"tags":[],"class_list":["post-2710","post","type-post","status-publish","format-standard","hentry","category-baden-powell","category-selo-elenco"],"_links":{"self":[{"href":"https:\/\/www.toque-musicall.com\/index.php?rest_route=\/wp\/v2\/posts\/2710","targetHints":{"allow":["GET"]}}],"collection":[{"href":"https:\/\/www.toque-musicall.com\/index.php?rest_route=\/wp\/v2\/posts"}],"about":[{"href":"https:\/\/www.toque-musicall.com\/index.php?rest_route=\/wp\/v2\/types\/post"}],"author":[{"embeddable":true,"href":"https:\/\/www.toque-musicall.com\/index.php?rest_route=\/wp\/v2\/users\/1"}],"replies":[{"embeddable":true,"href":"https:\/\/www.toque-musicall.com\/index.php?rest_route=%2Fwp%2Fv2%2Fcomments&post=2710"}],"version-history":[{"count":1,"href":"https:\/\/www.toque-musicall.com\/index.php?rest_route=\/wp\/v2\/posts\/2710\/revisions"}],"predecessor-version":[{"id":2711,"href":"https:\/\/www.toque-musicall.com\/index.php?rest_route=\/wp\/v2\/posts\/2710\/revisions\/2711"}],"wp:attachment":[{"href":"https:\/\/www.toque-musicall.com\/index.php?rest_route=%2Fwp%2Fv2%2Fmedia&parent=2710"}],"wp:term":[{"taxonomy":"category","embeddable":true,"href":"https:\/\/www.toque-musicall.com\/index.php?rest_route=%2Fwp%2Fv2%2Fcategories&post=2710"},{"taxonomy":"post_tag","embeddable":true,"href":"https:\/\/www.toque-musicall.com\/index.php?rest_route=%2Fwp%2Fv2%2Ftags&post=2710"}],"curies":[{"name":"wp","href":"https:\/\/api.w.org\/{rel}","templated":true}]}}