{"id":272,"date":"2011-10-20T09:01:00","date_gmt":"2011-10-20T09:01:00","guid":{"rendered":"http:\/\/www.toque-musicall.com\/?p=272"},"modified":"2011-10-20T09:01:00","modified_gmt":"2011-10-20T09:01:00","slug":"ases-do-ritmo-ritmo-do-brasil-1959","status":"publish","type":"post","link":"https:\/\/www.toque-musicall.com\/?p=272","title":{"rendered":"Ases do Ritmo &#8211; Ritmo Do Brasil (1959)"},"content":{"rendered":"<p><a href=\"http:\/\/1.bp.blogspot.com\/-WnKEPb1-BaA\/Tp_oMyYs0zI\/AAAAAAAAAdw\/AZ0MYB8N1sA\/s1600\/capa+P.JPG\"><img decoding=\"async\" style=\"display:block; margin:0px auto 10px; text-align:center;cursor:pointer; cursor:hand;width: 394px; height: 400px;\" src=\"http:\/\/1.bp.blogspot.com\/-WnKEPb1-BaA\/Tp_oMyYs0zI\/AAAAAAAAAdw\/AZ0MYB8N1sA\/s400\/capa+P.JPG\" border=\"0\" alt=\"\" id=\"BLOGGER_PHOTO_ID_5665502162636821298\" \/><\/a>Bom dia, amigos cultos e ocultos! Olha eu aqui fazendo mais uma confus\u00e3o. Depois de mais de mil t\u00edtulos publicados no Toque Musical at\u00e9 eu fa\u00e7o, as vezes, confus\u00e3o com o que j\u00e1 foi ou n\u00e3o postado. Eu tinha certo de que o \u00e1lbum de hoje, este aqui, era uma rara novidade. Me enganei&#8230; Na verdade fui enganado pela capa. Este &#8216;long play&#8217; eu j\u00e1 o havia postado, a coisa de uns dois anos atr\u00e1s. A diferen\u00e7a foi mesmo a capa. <a href=\"http:\/\/toque-musical.blogspot.com\/search\/label\/Ases%20do%20Ritmo\">Em fevereiro de 2009<\/a> eu trouxe para voc\u00eas o primeiro disco brasileiro gravado em est\u00e9reo. Um marco na hist\u00f3ria da ind\u00fastria fonogr\u00e1fica e tamb\u00e9m um bel\u00edssimo disco, dos mais bem gravados at\u00e9 hoje. Uma raridade disputada a tapas por qualquer colecionador (o que eu dei de porrada para conseguir esse disco, n\u00e3o est\u00e1 no gibi). Agora, sem ter percebido antes, ele est\u00e1 de volta e n\u00e3o \u00e9 como repostagem n\u00e3o. O exemplar que temos aqui \u00e9 diferente em dois pontos: na capa e na grava\u00e7\u00e3o monatural. Mesmo sem ter a confirma\u00e7\u00e3o, eu acredito que este \u00e1lbum tenha sido lan\u00e7ado posterior ao est\u00e9reo. Pela capa e estilo \u00e9 bem prov\u00e1vel que ele seja do ano seguinte, 59 ou no m\u00e1ximo 1960. Vou considerar como sendo de 1959 at\u00e9 segunda ordem (fala Samuel, cad\u00ea voc\u00ea?).<\/p>\n<div>Se fosse um outro lp, eu talvez tivesse logo mudado a postagem, mas em se tratando de um disca\u00e7o como este, vale a pena ver e ouvir de novo! Tenho certeza que para muitos este \u00e1lbum passou batido. T\u00e1 na hora de conferir&#8230;<\/div>\n<div><\/div>\n<div style=\"text-align: center;\">falsa baiana<\/div>\n<div style=\"text-align: center;\">lamento<\/div>\n<div style=\"text-align: center;\">bai\u00e3o<\/div>\n<div style=\"text-align: center;\">chega de saudade<\/div>\n<div style=\"text-align: center;\">os quindins de yaya<\/div>\n<div style=\"text-align: center;\">1 X 0<\/div>\n<div style=\"text-align: center;\">se acaso voc\u00ea chegasse<\/div>\n<div style=\"text-align: center;\">atira a primeira pedra<\/div>\n<div style=\"text-align: center;\">kal\u00fa<\/div>\n<div style=\"text-align: center;\">cai, cai&#8230;<\/div>\n<div style=\"text-align: center;\">copacabana<\/div>\n<div style=\"text-align: center;\">andr\u00e9 de sapato novo<\/div>\n<div style=\"text-align: center;\"><\/div>\n<div style=\"text-align: center;\"><\/div>\n","protected":false},"excerpt":{"rendered":"<p>Bom dia, amigos cultos e ocultos! Olha eu aqui fazendo mais uma confus\u00e3o. Depois de mais de mil t\u00edtulos publicados no Toque Musical at\u00e9 eu fa\u00e7o, as vezes, confus\u00e3o com o que j\u00e1 foi ou n\u00e3o postado. Eu tinha certo &hellip; <a href=\"https:\/\/www.toque-musicall.com\/?p=272\">Continue lendo <span class=\"meta-nav\">&rarr;<\/span><\/a><\/p>\n","protected":false},"author":1,"featured_media":0,"comment_status":"open","ping_status":"closed","sticky":false,"template":"","format":"standard","meta":{"footnotes":""},"categories":[474,70],"tags":[],"class_list":["post-272","post","type-post","status-publish","format-standard","hentry","category-ases-do-ritmo","category-selo-rca-victor"],"_links":{"self":[{"href":"https:\/\/www.toque-musicall.com\/index.php?rest_route=\/wp\/v2\/posts\/272","targetHints":{"allow":["GET"]}}],"collection":[{"href":"https:\/\/www.toque-musicall.com\/index.php?rest_route=\/wp\/v2\/posts"}],"about":[{"href":"https:\/\/www.toque-musicall.com\/index.php?rest_route=\/wp\/v2\/types\/post"}],"author":[{"embeddable":true,"href":"https:\/\/www.toque-musicall.com\/index.php?rest_route=\/wp\/v2\/users\/1"}],"replies":[{"embeddable":true,"href":"https:\/\/www.toque-musicall.com\/index.php?rest_route=%2Fwp%2Fv2%2Fcomments&post=272"}],"version-history":[{"count":0,"href":"https:\/\/www.toque-musicall.com\/index.php?rest_route=\/wp\/v2\/posts\/272\/revisions"}],"wp:attachment":[{"href":"https:\/\/www.toque-musicall.com\/index.php?rest_route=%2Fwp%2Fv2%2Fmedia&parent=272"}],"wp:term":[{"taxonomy":"category","embeddable":true,"href":"https:\/\/www.toque-musicall.com\/index.php?rest_route=%2Fwp%2Fv2%2Fcategories&post=272"},{"taxonomy":"post_tag","embeddable":true,"href":"https:\/\/www.toque-musicall.com\/index.php?rest_route=%2Fwp%2Fv2%2Ftags&post=272"}],"curies":[{"name":"wp","href":"https:\/\/api.w.org\/{rel}","templated":true}]}}