{"id":273,"date":"2011-10-19T21:50:00","date_gmt":"2011-10-19T21:50:00","guid":{"rendered":"http:\/\/www.toque-musicall.com\/?p=273"},"modified":"2011-10-19T21:50:00","modified_gmt":"2011-10-19T21:50:00","slug":"conjunto-melodico-norberto-baldauf-week-end-no-rio-no-2-1958","status":"publish","type":"post","link":"https:\/\/www.toque-musicall.com\/?p=273","title":{"rendered":"Conjunto Mel\u00f3dico Norberto Baldauf &#8211; Week End No Rio N\u00ba 2 (1958)"},"content":{"rendered":"<p><a href=\"http:\/\/3.bp.blogspot.com\/-JS1D9NkiP10\/Tp9G-8S2bdI\/AAAAAAAAAdk\/Qsyz4kTdfbo\/s1600\/capa+P.JPG\"><img decoding=\"async\" style=\"display:block; margin:0px auto 10px; text-align:center;cursor:pointer; cursor:hand;width: 397px; height: 400px;\" src=\"http:\/\/3.bp.blogspot.com\/-JS1D9NkiP10\/Tp9G-8S2bdI\/AAAAAAAAAdk\/Qsyz4kTdfbo\/s400\/capa+P.JPG\" border=\"0\" alt=\"\" id=\"BLOGGER_PHOTO_ID_5665324903406398930\" \/><\/a>Boa noite, amigos cultos e ocultos! Esse tal de hor\u00e1rio de ver\u00e3o \u00e9 mesmo um saco! Eu que vivo correndo do atraso, nessa \u00e9poca fica pior. Vou aproveitar a pausa antes de ir dormir e mandar logo a postagem do dia. <\/p>\n<div>Temos aqui o Conjnto Norberto Baldauf no segundo \u00e1lbum de &#8220;Week End No Rio&#8221;. Eu estava certo de que j\u00e1 havia postado o primeiro. Comecei de tr\u00e1s pra frente, mas n\u00e3o tem nada n\u00e3o. A gente ainda chega no primeiro, \u00e9 s\u00f3 esperar \ud83d\ude09 Neste disco, feito para dan\u00e7ar, como j\u00e1 indica o selinhho logo a baixo na capa, encontramos uma salada musical bastante variada, entre ritmos nacionais e internacionais. O lado A \u00e9 um grande &#8216;medley&#8217;, sem pausa para os dan\u00e7arinos. Do outro lado temos seis temas, desta vez, separados, mas tamb\u00e9m dan\u00e7antes. Zzzz&#8230;<\/div>\n<div>Desculpem, mas eu hoje cheguei no meu limite. Vamos conversando sobre o disco no coment\u00e1rios, ok? At\u00e9 amanh\u00e3!<\/div>\n<div><\/div>\n<div style=\"text-align: center;\">tu<\/div>\n<div style=\"text-align: center;\">sue\u00f1o azul<\/div>\n<div style=\"text-align: center;\">sabra dios<\/div>\n<div style=\"text-align: center;\">el humanuaque\u00f1o<\/div>\n<div style=\"text-align: center;\">vou vender meu barco<\/div>\n<div style=\"text-align: center;\">se todos fossem iguais a voc\u00ea<\/div>\n<div style=\"text-align: center;\">mama look a boo boo<\/div>\n<div style=\"text-align: center;\">\u00e9 luxo s\u00f3<\/div>\n<div style=\"text-align: center;\">j\u00e1 vai<\/div>\n<div style=\"text-align: center;\">the continental<\/div>\n<div style=\"text-align: center;\">el reloj<\/div>\n<div style=\"text-align: center;\">around the world<\/div>\n<div style=\"text-align: center;\">an affair to remember<\/div>\n<div style=\"text-align: center;\">porque voc\u00ea casou<\/div>\n<div style=\"text-align: center;\">por causa de voc\u00ea<\/div>\n<div style=\"text-align: center;\"><\/div>\n<div style=\"text-align: center;\"><\/div>\n","protected":false},"excerpt":{"rendered":"<p>Boa noite, amigos cultos e ocultos! Esse tal de hor\u00e1rio de ver\u00e3o \u00e9 mesmo um saco! Eu que vivo correndo do atraso, nessa \u00e9poca fica pior. Vou aproveitar a pausa antes de ir dormir e mandar logo a postagem do &hellip; <a href=\"https:\/\/www.toque-musicall.com\/?p=273\">Continue lendo <span class=\"meta-nav\">&rarr;<\/span><\/a><\/p>\n","protected":false},"author":1,"featured_media":0,"comment_status":"open","ping_status":"closed","sticky":false,"template":"","format":"standard","meta":{"footnotes":""},"categories":[475,86],"tags":[],"class_list":["post-273","post","type-post","status-publish","format-standard","hentry","category-conjunto-melodico-norberto-baldauf","category-selo-odeon"],"_links":{"self":[{"href":"https:\/\/www.toque-musicall.com\/index.php?rest_route=\/wp\/v2\/posts\/273","targetHints":{"allow":["GET"]}}],"collection":[{"href":"https:\/\/www.toque-musicall.com\/index.php?rest_route=\/wp\/v2\/posts"}],"about":[{"href":"https:\/\/www.toque-musicall.com\/index.php?rest_route=\/wp\/v2\/types\/post"}],"author":[{"embeddable":true,"href":"https:\/\/www.toque-musicall.com\/index.php?rest_route=\/wp\/v2\/users\/1"}],"replies":[{"embeddable":true,"href":"https:\/\/www.toque-musicall.com\/index.php?rest_route=%2Fwp%2Fv2%2Fcomments&post=273"}],"version-history":[{"count":0,"href":"https:\/\/www.toque-musicall.com\/index.php?rest_route=\/wp\/v2\/posts\/273\/revisions"}],"wp:attachment":[{"href":"https:\/\/www.toque-musicall.com\/index.php?rest_route=%2Fwp%2Fv2%2Fmedia&parent=273"}],"wp:term":[{"taxonomy":"category","embeddable":true,"href":"https:\/\/www.toque-musicall.com\/index.php?rest_route=%2Fwp%2Fv2%2Fcategories&post=273"},{"taxonomy":"post_tag","embeddable":true,"href":"https:\/\/www.toque-musicall.com\/index.php?rest_route=%2Fwp%2Fv2%2Ftags&post=273"}],"curies":[{"name":"wp","href":"https:\/\/api.w.org\/{rel}","templated":true}]}}