{"id":2732,"date":"2012-11-28T20:43:14","date_gmt":"2012-11-28T20:43:14","guid":{"rendered":"http:\/\/www.toque-musicall.com\/?p=2732"},"modified":"2012-11-28T20:43:14","modified_gmt":"2012-11-28T20:43:14","slug":"altemar-dutra-compacto-1964","status":"publish","type":"post","link":"https:\/\/www.toque-musicall.com\/?p=2732","title":{"rendered":"Altemar Dutra &#8211; Compacto (1964)"},"content":{"rendered":"<p><img loading=\"lazy\" decoding=\"async\" class=\"aligncenter\" src=\"http:\/\/3.bp.blogspot.com\/-w5p_pl2LTBM\/ULZxLS5wLoI\/AAAAAAAAFJs\/8zD4aZ3uD88\/s400\/capaP.JPG\" alt=\"\" width=\"395\" height=\"400\" \/><img loading=\"lazy\" decoding=\"async\" class=\"aligncenter\" src=\"http:\/\/2.bp.blogspot.com\/-Ki83z_3KTq4\/ULZxHgxvxjI\/AAAAAAAAFJk\/UjjwCykGrQ0\/s400\/contracapap.JPG\" alt=\"\" width=\"400\" height=\"398\" \/><\/p>\n<p>Boa tarde a todos! Eu havia dito que n\u00e3o mais enviaria e-mails via GTM, mas pelo que parece, por falha minha ao reconfigurar o grupo, acabei deixando uma boa parcela de fora,\u00a0 a qual continuou recebendo os links em suas caixas de e-mails. Bom, agora acabou geral \ud83d\ude42 Quem realmente quiser, vai ter que acessar o GTM, ok?<\/p>\n<p>Na semana passada eu acabei n\u00e3o postando nenhum compacto. Desta vez, antes que a semana termine, vou logo fazendo valer o prometido. Vamos ent\u00e3o com o Altemar Dutra. Vai cair bem com esse tempo chuvoso. Segue aqui um compacto lan\u00e7ado em 1964. Uma pequena degusta\u00e7\u00e3o do lp \u201cSerenata da Chuva\u201d lan\u00e7ado tamb\u00e9m naquele ano. Segundo o Dicion\u00e1rio Cravo Albin de MPB, este foi o terceiro disco do cantor. No disquinho temos&#8230;<\/p>\n<p align=\"center\">serenata da chuva<\/p>\n<p align=\"center\">sigamos (sigamos pecando)<\/p>\n<p align=\"center\">\n","protected":false},"excerpt":{"rendered":"<p>Boa tarde a todos! Eu havia dito que n\u00e3o mais enviaria e-mails via GTM, mas pelo que parece, por falha minha ao reconfigurar o grupo, acabei deixando uma boa parcela de fora,\u00a0 a qual continuou recebendo os links em suas &hellip; <a href=\"https:\/\/www.toque-musicall.com\/?p=2732\">Continue lendo <span class=\"meta-nav\">&rarr;<\/span><\/a><\/p>\n","protected":false},"author":1,"featured_media":0,"comment_status":"open","ping_status":"closed","sticky":false,"template":"","format":"standard","meta":{"footnotes":""},"categories":[1774,86],"tags":[],"class_list":["post-2732","post","type-post","status-publish","format-standard","hentry","category-altemar-dutra","category-selo-odeon"],"_links":{"self":[{"href":"https:\/\/www.toque-musicall.com\/index.php?rest_route=\/wp\/v2\/posts\/2732","targetHints":{"allow":["GET"]}}],"collection":[{"href":"https:\/\/www.toque-musicall.com\/index.php?rest_route=\/wp\/v2\/posts"}],"about":[{"href":"https:\/\/www.toque-musicall.com\/index.php?rest_route=\/wp\/v2\/types\/post"}],"author":[{"embeddable":true,"href":"https:\/\/www.toque-musicall.com\/index.php?rest_route=\/wp\/v2\/users\/1"}],"replies":[{"embeddable":true,"href":"https:\/\/www.toque-musicall.com\/index.php?rest_route=%2Fwp%2Fv2%2Fcomments&post=2732"}],"version-history":[{"count":1,"href":"https:\/\/www.toque-musicall.com\/index.php?rest_route=\/wp\/v2\/posts\/2732\/revisions"}],"predecessor-version":[{"id":2733,"href":"https:\/\/www.toque-musicall.com\/index.php?rest_route=\/wp\/v2\/posts\/2732\/revisions\/2733"}],"wp:attachment":[{"href":"https:\/\/www.toque-musicall.com\/index.php?rest_route=%2Fwp%2Fv2%2Fmedia&parent=2732"}],"wp:term":[{"taxonomy":"category","embeddable":true,"href":"https:\/\/www.toque-musicall.com\/index.php?rest_route=%2Fwp%2Fv2%2Fcategories&post=2732"},{"taxonomy":"post_tag","embeddable":true,"href":"https:\/\/www.toque-musicall.com\/index.php?rest_route=%2Fwp%2Fv2%2Ftags&post=2732"}],"curies":[{"name":"wp","href":"https:\/\/api.w.org\/{rel}","templated":true}]}}