{"id":2734,"date":"2012-11-29T21:39:03","date_gmt":"2012-11-29T21:39:03","guid":{"rendered":"http:\/\/www.toque-musicall.com\/?p=2734"},"modified":"2012-11-29T21:39:03","modified_gmt":"2012-11-29T21:39:03","slug":"quarteto-em-cy-antologia-do-samba-cancao-vol-2-1976","status":"publish","type":"post","link":"https:\/\/www.toque-musicall.com\/?p=2734","title":{"rendered":"Quarteto Em Cy &#8211; Antologia Do samba Can\u00e7\u00e3o &#8211; Vol. 2 (1976)"},"content":{"rendered":"<p><img loading=\"lazy\" decoding=\"async\" class=\"aligncenter\" src=\"http:\/\/3.bp.blogspot.com\/-JftDIhs3EQk\/ULfKeKClH4I\/AAAAAAAAFLE\/-SDdGA6sBgY\/s400\/folder.jpg\" alt=\"\" width=\"394\" height=\"400\" \/><img loading=\"lazy\" decoding=\"async\" class=\"aligncenter\" src=\"http:\/\/1.bp.blogspot.com\/-tn8O_cmF-4M\/ULfKXXNzIbI\/AAAAAAAAFK8\/s4yLrxFkOY8\/s400\/contrap.JPG\" alt=\"\" width=\"399\" height=\"400\" \/><\/p>\n<p>Boa noite, amigos cultos e ocultos! Aqui vamos n\u00f3s para mais um toque musical. Hoje, atendendo a tantos pedidos que foram feitos, vou ent\u00e3o postando o segundo volume da \u201cAntologia do Samba Can\u00e7\u00e3o\u201d. Realmente, essa produ\u00e7\u00e3o foi um achado e daria para render mais uns dois ou tr\u00eas volumes com outros tantos autores e compositores de samba can\u00e7\u00e3o. Se no primeiro disco, de 1975 as baianinhas tiveram a participa\u00e7\u00e3o de um monte de feras (Oscar Castro Neves, Pascoal Meirelles, Luiz Cl\u00e1udio Ramos, Z\u00e9 Menezes, MPB-4 e outros), em 76 elas voltam trazendo tamb\u00e9m convidados ilustres como Tom Jobim, Chiquinho do Acordeon e Abel Ferreira. Temos assim outros dez grandes compositores em um quase \u2018pot-pourri\u2019, com duas ou tr\u00eas m\u00fasicas de cada. \u00c9\u00a0 pouco, mas \u00e9 \u00f3timo! S\u00f3 mesmo ouvindo&#8230;<\/p>\n<p align=\"center\">Armando Cavalcanti<\/p>\n<p align=\"center\">nesse mesmo lugar<\/p>\n<p align=\"center\">Chocolate<\/p>\n<p align=\"center\">vida de bailarina<\/p>\n<p align=\"center\">can\u00e7\u00e3o de amor<\/p>\n<p align=\"center\">Cust\u00f3dio Mesquita<\/p>\n<p align=\"center\">saia do caminho<\/p>\n<p align=\"center\">Marino Pinto<\/p>\n<p align=\"center\">reverso<\/p>\n<p align=\"center\">prece<\/p>\n<p align=\"center\">Tom Jobim<\/p>\n<p align=\"center\">dindi<\/p>\n<p align=\"center\">se todo fosse iguais a voc\u00ea<\/p>\n<p align=\"center\">eu sei que vou te amar<\/p>\n<p align=\"center\">Noel Rosa<\/p>\n<p align=\"center\">\u00faltimo desejo<\/p>\n<p align=\"center\">Fernando Lobo<\/p>\n<p align=\"center\">siga<\/p>\n<p align=\"center\">chuvas de ver\u00e3o<\/p>\n<p align=\"center\">Haroldo Barbosa<\/p>\n<p align=\"center\">Meu nome \u00e9 ningu\u00e9m<\/p>\n<p align=\"center\">bar da noite<\/p>\n<p align=\"center\">Fernando C\u00e9sar<\/p>\n<p align=\"center\">d\u00f3 r\u00e9 mi<\/p>\n<p align=\"center\">joga a rede no mar<\/p>\n<p align=\"center\">Dorival Caymmi<\/p>\n<p align=\"center\">nem eu<\/p>\n<p align=\"center\">n\u00e3o tem solu\u00e7\u00e3o<\/p>\n<p align=\"center\">nunca mais<\/p>\n<p align=\"center\">\n","protected":false},"excerpt":{"rendered":"<p>Boa noite, amigos cultos e ocultos! Aqui vamos n\u00f3s para mais um toque musical. Hoje, atendendo a tantos pedidos que foram feitos, vou ent\u00e3o postando o segundo volume da \u201cAntologia do Samba Can\u00e7\u00e3o\u201d. Realmente, essa produ\u00e7\u00e3o foi um achado e &hellip; <a href=\"https:\/\/www.toque-musicall.com\/?p=2734\">Continue lendo <span class=\"meta-nav\">&rarr;<\/span><\/a><\/p>\n","protected":false},"author":1,"featured_media":0,"comment_status":"open","ping_status":"closed","sticky":false,"template":"","format":"standard","meta":{"footnotes":""},"categories":[50,48],"tags":[],"class_list":["post-2734","post","type-post","status-publish","format-standard","hentry","category-quarteto-em-cy","category-selo-philips"],"_links":{"self":[{"href":"https:\/\/www.toque-musicall.com\/index.php?rest_route=\/wp\/v2\/posts\/2734","targetHints":{"allow":["GET"]}}],"collection":[{"href":"https:\/\/www.toque-musicall.com\/index.php?rest_route=\/wp\/v2\/posts"}],"about":[{"href":"https:\/\/www.toque-musicall.com\/index.php?rest_route=\/wp\/v2\/types\/post"}],"author":[{"embeddable":true,"href":"https:\/\/www.toque-musicall.com\/index.php?rest_route=\/wp\/v2\/users\/1"}],"replies":[{"embeddable":true,"href":"https:\/\/www.toque-musicall.com\/index.php?rest_route=%2Fwp%2Fv2%2Fcomments&post=2734"}],"version-history":[{"count":2,"href":"https:\/\/www.toque-musicall.com\/index.php?rest_route=\/wp\/v2\/posts\/2734\/revisions"}],"predecessor-version":[{"id":2736,"href":"https:\/\/www.toque-musicall.com\/index.php?rest_route=\/wp\/v2\/posts\/2734\/revisions\/2736"}],"wp:attachment":[{"href":"https:\/\/www.toque-musicall.com\/index.php?rest_route=%2Fwp%2Fv2%2Fmedia&parent=2734"}],"wp:term":[{"taxonomy":"category","embeddable":true,"href":"https:\/\/www.toque-musicall.com\/index.php?rest_route=%2Fwp%2Fv2%2Fcategories&post=2734"},{"taxonomy":"post_tag","embeddable":true,"href":"https:\/\/www.toque-musicall.com\/index.php?rest_route=%2Fwp%2Fv2%2Ftags&post=2734"}],"curies":[{"name":"wp","href":"https:\/\/api.w.org\/{rel}","templated":true}]}}