{"id":2737,"date":"2012-12-01T00:03:51","date_gmt":"2012-12-01T00:03:51","guid":{"rendered":"http:\/\/www.toque-musicall.com\/?p=2737"},"modified":"2012-12-01T00:03:51","modified_gmt":"2012-12-01T00:03:51","slug":"antonio-guimaraes-e-seu-conjunto-o-fabuloso-guimaraes-1963","status":"publish","type":"post","link":"https:\/\/www.toque-musicall.com\/?p=2737","title":{"rendered":"Antonio Guimaraes e Seu Conjunto \u2013 O Fabuloso Guimaraes (1963)"},"content":{"rendered":"<p><img loading=\"lazy\" decoding=\"async\" class=\"aligncenter\" src=\"http:\/\/2.bp.blogspot.com\/-AUcfpD4kb9c\/ULk8_SsS6hI\/AAAAAAAAFMM\/-gtnk6g2j9I\/s400\/capa+p.JPG\" alt=\"\" width=\"400\" height=\"386\" \/><img loading=\"lazy\" decoding=\"async\" class=\"aligncenter\" src=\"http:\/\/2.bp.blogspot.com\/--QY06ZT2p5I\/ULk84gP58-I\/AAAAAAAAFME\/Ok6ppcs0k9k\/s400\/contrap.JPG\" alt=\"\" width=\"400\" height=\"398\" \/><\/p>\n<p>Boa noite, amigos cultos e ocultos! Durante a semana, estive ouvindo aquele disco do Waldir Calmon, o \u201cBoleros\u201d, o qual eu n\u00e3o conhecia. Apesar de ter uma capa super bacana e um repert\u00f3rio interessante, ainda assim, achei meio sonso, sei l\u00e1&#8230; n\u00e3o me agradou. Fiquei na vontade&#8230; Coincidentemente, ontem, encontrei em um sebo este \u00e1lbum do pianista Ant\u00f4nio Guimar\u00e3es, que de uma certa forma sempre me lembrou o Waldir Calmon. Guimar\u00e3es e Seu Conjunto eram nos anos 50 uma das grandes atra\u00e7\u00f5es da boate Fred\u2019s, no Rio de Janeiro. Este \u00e1lbum, pelo que eu pude verificar, foi lan\u00e7ado em 1963 pela Chantecler. Um disco aos moldes dan\u00e7antes da \u00e9poca, com uma sele\u00e7\u00e3o musical ecl\u00e9tica, embalanda ao ritmo do samba. Bem curioso e porque n\u00e3o dizer interessante. Coisa bem t\u00edpica de casa noturna, como era o Arp\u00e8ge, do Calmon. Outro detalhe interessante \u00e9 a presen\u00e7a de Airto Moreira, que era o baterista do conjunto e na \u00e9poca era chamado de Airto Guimorvan.<\/p>\n<p align=\"center\">mattinata<\/p>\n<p align=\"center\">hollyday for strings<\/p>\n<p align=\"center\">lenda do beijo<\/p>\n<p align=\"center\">dan\u00e7a das horas<\/p>\n<p align=\"center\">vi\u00fava alegre<\/p>\n<p align=\"center\">malague\u00f1a<\/p>\n<p align=\"center\">jalousie<\/p>\n<p align=\"center\">copacabana<\/p>\n<p align=\"center\">i love paris<\/p>\n<p align=\"center\">perf\u00eddia<\/p>\n<p align=\"center\">c\u2019est ci bom<\/p>\n<p align=\"center\">yo soy manouga<\/p>\n<p>&nbsp;<\/p>\n","protected":false},"excerpt":{"rendered":"<p>Boa noite, amigos cultos e ocultos! Durante a semana, estive ouvindo aquele disco do Waldir Calmon, o \u201cBoleros\u201d, o qual eu n\u00e3o conhecia. Apesar de ter uma capa super bacana e um repert\u00f3rio interessante, ainda assim, achei meio sonso, sei &hellip; <a href=\"https:\/\/www.toque-musicall.com\/?p=2737\">Continue lendo <span class=\"meta-nav\">&rarr;<\/span><\/a><\/p>\n","protected":false},"author":1,"featured_media":0,"comment_status":"open","ping_status":"closed","sticky":false,"template":"","format":"standard","meta":{"footnotes":""},"categories":[2093,217],"tags":[],"class_list":["post-2737","post","type-post","status-publish","format-standard","hentry","category-guimaraes-e-seu-conjunto","category-selo-chantecler"],"_links":{"self":[{"href":"https:\/\/www.toque-musicall.com\/index.php?rest_route=\/wp\/v2\/posts\/2737","targetHints":{"allow":["GET"]}}],"collection":[{"href":"https:\/\/www.toque-musicall.com\/index.php?rest_route=\/wp\/v2\/posts"}],"about":[{"href":"https:\/\/www.toque-musicall.com\/index.php?rest_route=\/wp\/v2\/types\/post"}],"author":[{"embeddable":true,"href":"https:\/\/www.toque-musicall.com\/index.php?rest_route=\/wp\/v2\/users\/1"}],"replies":[{"embeddable":true,"href":"https:\/\/www.toque-musicall.com\/index.php?rest_route=%2Fwp%2Fv2%2Fcomments&post=2737"}],"version-history":[{"count":1,"href":"https:\/\/www.toque-musicall.com\/index.php?rest_route=\/wp\/v2\/posts\/2737\/revisions"}],"predecessor-version":[{"id":2738,"href":"https:\/\/www.toque-musicall.com\/index.php?rest_route=\/wp\/v2\/posts\/2737\/revisions\/2738"}],"wp:attachment":[{"href":"https:\/\/www.toque-musicall.com\/index.php?rest_route=%2Fwp%2Fv2%2Fmedia&parent=2737"}],"wp:term":[{"taxonomy":"category","embeddable":true,"href":"https:\/\/www.toque-musicall.com\/index.php?rest_route=%2Fwp%2Fv2%2Fcategories&post=2737"},{"taxonomy":"post_tag","embeddable":true,"href":"https:\/\/www.toque-musicall.com\/index.php?rest_route=%2Fwp%2Fv2%2Ftags&post=2737"}],"curies":[{"name":"wp","href":"https:\/\/api.w.org\/{rel}","templated":true}]}}