{"id":274,"date":"2011-10-18T09:42:00","date_gmt":"2011-10-18T09:42:00","guid":{"rendered":"http:\/\/www.toque-musicall.com\/?p=274"},"modified":"2011-10-18T09:42:00","modified_gmt":"2011-10-18T09:42:00","slug":"joao-pedro-borges-interpreta-1983","status":"publish","type":"post","link":"https:\/\/www.toque-musicall.com\/?p=274","title":{"rendered":"Jo\u00e3o Pedro Borges &#8211; Interpreta&#8230; (1983)"},"content":{"rendered":"<p><a href=\"http:\/\/3.bp.blogspot.com\/-Jo1x-OBPe1I\/Tp1K8dvOqkI\/AAAAAAAAAdY\/jiyrtlWQjLo\/s1600\/jo%25C3%25A3o+P.JPG\"><img decoding=\"async\" style=\"display: block; margin: 0px auto 10px; text-align: center; cursor: pointer; width: 396px; height: 400px;\" src=\"http:\/\/3.bp.blogspot.com\/-Jo1x-OBPe1I\/Tp1K8dvOqkI\/AAAAAAAAAdY\/jiyrtlWQjLo\/s400\/jo%25C3%25A3o+P.JPG\" alt=\"\" id=\"BLOGGER_PHOTO_ID_5664766308937280066\" border=\"0\" \/><\/a><span style=\"font-family: georgia;\">Bom tarde! Tenho percebido que o \u00edndice de audi\u00eancia come\u00e7ou a cair nas ter\u00e7as feiras. Seria por conta da programa\u00e7\u00e3o voltada para os cl\u00e1ssicos e eruditos? Talvez eu devesse estabelecer aqui uma outra em substitui\u00e7\u00e3o. Quem sabe uma ter\u00e7a feira dedicada aos (mais) populares? Pelo visto, eu tenho recebido mais amigos ocultos do que cultos. Ou, por outra, mais passantes que pensantes. Nesse pa\u00eds de banguelas todo mundo s\u00f3 quer sopa. Pois \u00e9, mas aqui a coisa \u00e9 na base da rapadura, \u00e9 doce mas n\u00e3o \u00e9 mole n\u00e3o! Continuo na peleja&#8230; catequizando&#8230;<\/span><\/p>\n<div style=\"font-family: georgia;\">Hoje eu tenho, para os que querem, mais um erudito. Dessa vez, um pouco mais agrad\u00e1vel aos olhos e ouvidos da maioria. Vamos de viol\u00e3o, afinal este \u00e9 um instrumento, por aqui, com melhor aceita\u00e7\u00e3o. Seja l\u00e1 que tipo de m\u00fasica for, ao som das cordas de um pinho n\u00e3o h\u00e1 quem n\u00e3o se encante (e cante). Assim, para o rem\u00e9dio descer melhor eu dou uma ado\u00e7ada, ok?<\/div>\n<div><span style=\"font-family: georgia;\">Temos aqui o instrumentista maranhense Jo\u00e3o Pedro Borges, um dos maiores violonistas brasileiros, um artista premiado e reconhecido internacionalmente. Jo\u00e3o Pedro iniciou seus estudos de viol\u00e3o cl\u00e1ssico com outro maranhense, o professor Lu\u00eds Almeida. Mudou-se para o Rio de Janeiro em 1970 onde continuou seus estudos com outros mestres do viol\u00e3o, Jodacil Damaceno, Ian Guest e Tur\u00edbio Santos. Com este \u00faltimo fez cursos de t\u00e9cnica e interpreta\u00e7\u00e3o e tamb\u00e9m se tornou um grande parceiro. De l\u00e1 pra c\u00e1, o nome de Jo\u00e3o Pedro Borges s\u00f3 foi crescendo, se destacando como m\u00fasico concertista nos principais teatros brasileiros e tamb\u00e9m estrangeiros. Integrou a Camerata Carioca, foi solista em diversas orquestras, tocou ao lado de outros grandes do viol\u00e3o como Baden Powell, L\u00e9o Brouwer e Tur\u00edbio Santos. Um m\u00fasico que atua tanto no campo do erudito como no popular, quer dizer, no choro \ud83d\ude42 Basta ver discos como <\/span><!--[if gte mso 9]><xml>  <w:worddocument>   <w:view>Normal<\/w:View>   <w:zoom>0<\/w:Zoom>   <w:hyphenationzone>21<\/w:HyphenationZone>   <w:punctuationkerning\/>   <w:validateagainstschemas\/>   <w:saveifxmlinval>false<\/w:SaveIfXMLInvalid>   <w:ignoremixedcontent>false<\/w:IgnoreMixedContent>   <w:alwaysshowplaceholdertext>false<\/w:AlwaysShowPlaceholderText>   <w:compatibility>    <w:breakwrappedtables\/>    <w:snaptogridincell\/>    <w:wraptextwithpunct\/>    <w:useasianbreakrules\/>    <w:dontgrowautofit\/>   <\/w:Compatibility>   <w:browserlevel>MicrosoftInternetExplorer4<\/w:BrowserLevel>  <\/w:WordDocument> <\/xml><![endif]--><!--[if gte mso 9]><xml>  <w:latentstyles deflockedstate=\"false\" latentstylecount=\"156\">  <\/w:LatentStyles> <\/xml><![endif]--><!--[if gte mso 10]>  <![endif]--><span style=\"font-family: georgia;font-family:georgia;font-size:100%;\"  ><span style=\"\">&#8220;Choros do Brasil&#8221;, &#8220;Valsas e Choros&#8221; e &#8220;Brasil-Viol\u00e3o&#8221; em duo com Tur\u00edbio Santos; &#8220;Tributo a Jacob do Bandolim&#8221;, &#8220;Vivaldi e Pixinguinha&#8221; com a Camerata Carioca e Radam\u00e9s Gnatalli; &#8220;Mistura e Manda&#8221;, com Paulo Moura; &#8220;Melodias Populares de Villa-Lobos&#8221; com Tur\u00edbio Santos, Arthur Moreira Lima, Jos\u00e9 Botelho e Paulo Moura; gravou a &#8220;Cantilena&#8221; das &#8220;Bachianas Brasileiras No 5&#8221; com o tenor Aldo Baldin; &#8220;Melodias Populares de Heitor Villa-Lobos&#8221; com o soprano Leila Guimar\u00e3es; e &#8220;<a href=\"http:\/\/toque-musical.blogspot.com\/search\/label\/Noites%20Cariocas\">Noites Cariocas<\/a>&#8221; ao lado dos grandes do choro, gravado ao vivo no Teatro Municipal do Rio de Janeiro, num espet\u00e1culo do qual foi o Diretor Musical.<br \/>O \u00e1lbum que eu apresento hoje a voc\u00eas foi o segundo disco solo gravado por Jo\u00e3o Pedro Borges. Lan\u00e7ado pela Kuarup em 1983, o disco nos traz as magnificas interpreta\u00e7\u00f5es do vilonista para obras de Domenico Cimarosa, Fernando Sor, Mauro Giuliani, Gaspar Sanz, Isaac Alb\u00e9niz e Enrique Granados. Quem aprecia viol\u00e3o, com certeza, conhece bem esses nomes e se n\u00e3o ouviu o disco \u00e9 ainda mais certo de que vai gostar. Confiram da\u00ed, que eu de c\u00e1 j\u00e1 vou indo&#8230;<\/p>\n<p><\/span><\/span><\/p>\n<div style=\"text-align: center;\"><span style=\"font-family: georgia;font-family:georgia;font-size:100%;\"  ><span style=\"\"><span style=\"font-style: italic;\">domenico cimarosa<\/span><\/span><\/span><br \/><span style=\"font-family: georgia;font-family:georgia;font-size:100%;\"  ><span style=\"\">sonata em r\u00e9 menor<\/span><\/span><br \/><span style=\"font-family: georgia;font-family:georgia;font-size:100%;\"  ><span style=\"\">sonata em l\u00e1 maior<\/span><\/span><br \/><span style=\"font-family: georgia;font-family:georgia;font-size:100%;\"  ><span style=\"\">sonata em si menor<\/span><\/span><br \/><span style=\"font-family: georgia;font-family:georgia;font-size:100%;\"  ><span style=\"\">(transcri\u00e7\u00f5es para o viol\u00e3o de julian bream)<\/span><\/span><br \/><span style=\"font-family: georgia;font-family:georgia;font-size:100%;\"  ><span style=\"\"><span style=\"font-style: italic;\">fernando sor<\/span><\/span><\/span><br \/><span style=\"font-family: georgia;font-family:georgia;font-size:100%;\"  ><span style=\"\">allegro non troppo<\/span><\/span><br \/><span style=\"font-family: georgia;font-family:georgia;font-size:100%;\"  ><span style=\"\">minueto (da sonata n\u00ba2 opus 25)<\/span><\/span><br \/><span style=\"font-family: georgia;font-family:georgia;font-size:100%;\"  ><span style=\"\"><span style=\"font-style: italic;\">mauro giuliani<\/span><\/span><\/span><br \/><span style=\"font-family: georgia;font-family:georgia;font-size:100%;\"  ><span style=\"\">allegro (da sonata opus 15)<\/span><\/span><br \/><span style=\"font-family: georgia;font-family:georgia;font-size:100%;\"  ><span style=\"\"><span style=\"font-style: italic;\">gaspar sanz<\/span><\/span><\/span><br \/><span style=\"font-family: georgia;font-family:georgia;font-size:100%;\"  ><span style=\"\">cen\u00e1rios<\/span><\/span><br \/><span style=\"font-family: georgia;font-family:georgia;font-size:100%;\"  ><span style=\"\">zarabanda<\/span><\/span><br \/><span style=\"font-family: georgia;font-family:georgia;font-size:100%;\"  ><span style=\"\">la caballeria de n\u00e1poles<\/span><\/span><br \/><span style=\"font-family: georgia;font-family:georgia;font-size:100%;\"  ><span style=\"\"><span style=\"font-style: italic;\">isaac alb\u00e9niz<\/span><\/span><\/span><br \/><span style=\"font-family: georgia;font-family:georgia;font-size:100%;\"  ><span style=\"\">mallorca (transcri\u00e7\u00e3o para viol\u00e3o de andr\u00e9s seg\u00f3via)<\/span><\/span><br \/><span style=\"font-family: georgia;font-family:georgia;font-size:100%;\"  ><span style=\"\"><span style=\"font-style: italic;\">enrique granados<\/span><\/span><\/span><br \/><span style=\"font-family: georgia;font-family:georgia;font-size:100%;\"  ><span style=\"\">dan\u00e7a espanhola n\u00ba 10 (triste) (transcri\u00e7\u00e3o de tur\u00edbio santos)<\/span><\/span><br \/><span style=\"font-family: georgia;font-family:georgia;font-size:100%;\"  ><span style=\"\">la maja de goya (tonadilla) (transcri\u00e7\u00e3o de miguel llobet)<\/span><\/span><\/div>\n<\/div>\n<div><\/div>\n","protected":false},"excerpt":{"rendered":"<p>Bom tarde! Tenho percebido que o \u00edndice de audi\u00eancia come\u00e7ou a cair nas ter\u00e7as feiras. Seria por conta da programa\u00e7\u00e3o voltada para os cl\u00e1ssicos e eruditos? Talvez eu devesse estabelecer aqui uma outra em substitui\u00e7\u00e3o. Quem sabe uma ter\u00e7a feira &hellip; <a href=\"https:\/\/www.toque-musicall.com\/?p=274\">Continue lendo <span class=\"meta-nav\">&rarr;<\/span><\/a><\/p>\n","protected":false},"author":1,"featured_media":0,"comment_status":"open","ping_status":"closed","sticky":false,"template":"","format":"standard","meta":{"footnotes":""},"categories":[476,121],"tags":[],"class_list":["post-274","post","type-post","status-publish","format-standard","hentry","category-joao-pedro-borges","category-selo-kuarup"],"_links":{"self":[{"href":"https:\/\/www.toque-musicall.com\/index.php?rest_route=\/wp\/v2\/posts\/274","targetHints":{"allow":["GET"]}}],"collection":[{"href":"https:\/\/www.toque-musicall.com\/index.php?rest_route=\/wp\/v2\/posts"}],"about":[{"href":"https:\/\/www.toque-musicall.com\/index.php?rest_route=\/wp\/v2\/types\/post"}],"author":[{"embeddable":true,"href":"https:\/\/www.toque-musicall.com\/index.php?rest_route=\/wp\/v2\/users\/1"}],"replies":[{"embeddable":true,"href":"https:\/\/www.toque-musicall.com\/index.php?rest_route=%2Fwp%2Fv2%2Fcomments&post=274"}],"version-history":[{"count":0,"href":"https:\/\/www.toque-musicall.com\/index.php?rest_route=\/wp\/v2\/posts\/274\/revisions"}],"wp:attachment":[{"href":"https:\/\/www.toque-musicall.com\/index.php?rest_route=%2Fwp%2Fv2%2Fmedia&parent=274"}],"wp:term":[{"taxonomy":"category","embeddable":true,"href":"https:\/\/www.toque-musicall.com\/index.php?rest_route=%2Fwp%2Fv2%2Fcategories&post=274"},{"taxonomy":"post_tag","embeddable":true,"href":"https:\/\/www.toque-musicall.com\/index.php?rest_route=%2Fwp%2Fv2%2Ftags&post=274"}],"curies":[{"name":"wp","href":"https:\/\/api.w.org\/{rel}","templated":true}]}}